{"id":71262,"date":"2024-09-10T15:21:15","date_gmt":"2024-09-10T20:21:15","guid":{"rendered":"https:\/\/radiowebmx.com\/nota\/?p=71262"},"modified":"2024-09-10T15:21:18","modified_gmt":"2024-09-10T20:21:18","slug":"adquiere-gobierno-de-michoacan-draga-marina-para-limpieza-del-lago-de-patzcuaro","status":"publish","type":"post","link":"https:\/\/radiowebmx.com\/nota\/adquiere-gobierno-de-michoacan-draga-marina-para-limpieza-del-lago-de-patzcuaro\/","title":{"rendered":"Adquiere Gobierno de Michoac\u00e1n draga marina para limpieza del lago de P\u00e1tzcuaro"},"content":{"rendered":"\n<p>P\u00e1tzcuaro, Michoac\u00e1n, septiembre de 2024.- Con una inversi\u00f3n de 23.9 millones de pesos, el Gobierno de Michoac\u00e1n a trav\u00e9s de la Comisi\u00f3n de Pesca del Estado, adquiri\u00f3 una draga marina de succi\u00f3n estacionaria equipada con bomba para la limpieza y conservaci\u00f3n del Lago de P\u00e1tzcuaro.<\/p>\n\n\n\n<p>El gobernador Alfredo Ram\u00edrez Bedolla supervis\u00f3 los trabajos de dragado de esta m\u00e1quina proveniente de Luisiana, Estados Unidos, que comenz\u00f3 su funcionamiento hace tres d\u00edas en el muelle general del Lago de P\u00e1tzcuaro.<\/p>\n\n\n\n<p>Se inform\u00f3 al mandarario que con esta draga y otras tres m\u00e1quinas cosechadoras de maleza acu\u00e1tica, se renueva el equipo de la Compesca que ten\u00eda m\u00e1s de 40 a\u00f1os sin adquirir unidades para la desazolve y limpieza.<\/p>\n\n\n\n<p>La draga marina de succi\u00f3n estacionaria puede realizar limpieza hasta 10 metros de profundidad, por lo que permitir\u00e1 avanzar significativamente en la preservaci\u00f3n del Lago de P\u00e1tzcuaro.<\/p>\n\n\n\n<p>El gobernador tambi\u00e9n revis\u00f3 los trabajos de rehabilitaci\u00f3n del muelle general y visit\u00f3 el muelle de San Pedrito.<\/p>\n\n\n\n<p>Acompa\u00f1aron al mandatario los titulares de las secretar\u00edas de Turismo, Medio Ambiente, de Comunicaciones y Obras P\u00fablicas, y de las comisiones estatales del Agua y Gesti\u00f3n de Cuencas, de Pesca y el presidente municipal de P\u00e1tzcuaro.<\/p>\n","protected":false},"excerpt":{"rendered":"<p>P\u00e1tzcuaro, Michoac\u00e1n, septiembre de 2024.- Con una inversi\u00f3n de 23.9 millones de pesos, el Gobierno de Michoac\u00e1n a trav\u00e9s de la Comisi\u00f3n de Pesca del Estado, adquiri\u00f3 una draga marina de succi\u00f3n estacionaria equipada con bomba para la limpieza y conservaci\u00f3n del Lago de P\u00e1tzcuaro. El gobernador Alfredo Ram\u00edrez Bedolla supervis\u00f3 los trabajos de dragado [&hellip;]<\/p>\n","protected":false},"author":2,"featured_media":71263,"comment_status":"closed","ping_status":"closed","sticky":false,"template":"","format":"standard","meta":{"footnotes":""},"categories":[3],"tags":[],"class_list":["post-71262","post","type-post","status-publish","format-standard","has-post-thumbnail","hentry","category-gobierno-del-estado-de-michoacan"],"_links":{"self":[{"href":"https:\/\/radiowebmx.com\/nota\/wp-json\/wp\/v2\/posts\/71262","targetHints":{"allow":["GET"]}}],"collection":[{"href":"https:\/\/radiowebmx.com\/nota\/wp-json\/wp\/v2\/posts"}],"about":[{"href":"https:\/\/radiowebmx.com\/nota\/wp-json\/wp\/v2\/types\/post"}],"author":[{"embeddable":true,"href":"https:\/\/radiowebmx.com\/nota\/wp-json\/wp\/v2\/users\/2"}],"replies":[{"embeddable":true,"href":"https:\/\/radiowebmx.com\/nota\/wp-json\/wp\/v2\/comments?post=71262"}],"version-history":[{"count":1,"href":"https:\/\/radiowebmx.com\/nota\/wp-json\/wp\/v2\/posts\/71262\/revisions"}],"predecessor-version":[{"id":71264,"href":"https:\/\/radiowebmx.com\/nota\/wp-json\/wp\/v2\/posts\/71262\/revisions\/71264"}],"wp:featuredmedia":[{"embeddable":true,"href":"https:\/\/radiowebmx.com\/nota\/wp-json\/wp\/v2\/media\/71263"}],"wp:attachment":[{"href":"https:\/\/radiowebmx.com\/nota\/wp-json\/wp\/v2\/media?parent=71262"}],"wp:term":[{"taxonomy":"category","embeddable":true,"href":"https:\/\/radiowebmx.com\/nota\/wp-json\/wp\/v2\/categories?post=71262"},{"taxonomy":"post_tag","embeddable":true,"href":"https:\/\/radiowebmx.com\/nota\/wp-json\/wp\/v2\/tags?post=71262"}],"curies":[{"name":"wp","href":"https:\/\/api.w.org\/{rel}","templated":true}]}}