{"id":71256,"date":"2024-09-10T14:58:39","date_gmt":"2024-09-10T19:58:39","guid":{"rendered":"https:\/\/radiowebmx.com\/nota\/?p=71256"},"modified":"2024-09-10T14:58:42","modified_gmt":"2024-09-10T19:58:42","slug":"el-exgobernador-sera-quien-le-de-el-voto-que-le-falta-a-morena-para-aprobar-la-reforma-judicial-en-el-senado","status":"publish","type":"post","link":"https:\/\/radiowebmx.com\/nota\/el-exgobernador-sera-quien-le-de-el-voto-que-le-falta-a-morena-para-aprobar-la-reforma-judicial-en-el-senado\/","title":{"rendered":"El exgobernador\u00a0 ser\u00e1 quien le d\u00e9 el voto que le falta a Morena para aprobar la reforma judicial en el Senado"},"content":{"rendered":"\n<p>afirman que todo estar\u00eda amarrado, para que el voto que d\u00e9 la&nbsp;<strong>mayor\u00eda calificada a Morena<\/strong>&nbsp;y aliados en la&nbsp;reforma judicial&nbsp;sea el del exgobernador panista de Veracruz,&nbsp;<strong>Miguel \u00c1ngel Yunes Linares<\/strong>.<\/p>\n\n\n\n<p>Y es que nos cuentan que, ante las carpetas judiciales que existen en contra de \u00e9l y su familia, el senador suplente asumir\u00eda el esca\u00f1o de su hijo,&nbsp;<strong>Miguel \u00c1ngel Yunes M\u00e1rquez<\/strong>, quien solicitar\u00eda licencia el d\u00eda de la votaci\u00f3n, y asumir\u00eda el costo pol\u00edtico de aprobar la reforma judicial.<\/p>\n\n\n\n<p>A cambio, nos dicen, no solo se dar\u00eda fin a cualquier procedimiento judicial o investigaci\u00f3n en contra de su familia, sino que permitir\u00e1n al exgobernador definir las candidaturas en municipios clave a trav\u00e9s del&nbsp;Partido Verde&nbsp;o el&nbsp;<strong>PT,<\/strong>&nbsp;con lo que continuar\u00e1 con gran fuerza en el estado.<\/p>\n\n\n\n<p>\u00abQuienes dudan de \u00e9l no lo conocen, por su puesto que \u00e9l va a estar puesto\u00bb, respondi\u00f3&nbsp;<a href=\"https:\/\/twitter.com\/RicardoAnayaC\">@RicardoAnayaC&nbsp;<\/a>por las especulaciones de que su compa\u00f1ero&nbsp;<a href=\"https:\/\/twitter.com\/MYunesMarquez\">@MYunesMarquez&nbsp;<\/a>vaya a darle el voto a Morena para aprobar la reforma al Poder Judicial.<\/p>\n","protected":false},"excerpt":{"rendered":"<p>afirman que todo estar\u00eda amarrado, para que el voto que d\u00e9 la&nbsp;mayor\u00eda calificada a Morena&nbsp;y aliados en la&nbsp;reforma judicial&nbsp;sea el del exgobernador panista de Veracruz,&nbsp;Miguel \u00c1ngel Yunes Linares. Y es que nos cuentan que, ante las carpetas judiciales que existen en contra de \u00e9l y su familia, el senador suplente asumir\u00eda el esca\u00f1o de su [&hellip;]<\/p>\n","protected":false},"author":2,"featured_media":71257,"comment_status":"closed","ping_status":"closed","sticky":false,"template":"","format":"standard","meta":{"footnotes":""},"categories":[14],"tags":[],"class_list":["post-71256","post","type-post","status-publish","format-standard","has-post-thumbnail","hentry","category-destacadas"],"_links":{"self":[{"href":"https:\/\/radiowebmx.com\/nota\/wp-json\/wp\/v2\/posts\/71256","targetHints":{"allow":["GET"]}}],"collection":[{"href":"https:\/\/radiowebmx.com\/nota\/wp-json\/wp\/v2\/posts"}],"about":[{"href":"https:\/\/radiowebmx.com\/nota\/wp-json\/wp\/v2\/types\/post"}],"author":[{"embeddable":true,"href":"https:\/\/radiowebmx.com\/nota\/wp-json\/wp\/v2\/users\/2"}],"replies":[{"embeddable":true,"href":"https:\/\/radiowebmx.com\/nota\/wp-json\/wp\/v2\/comments?post=71256"}],"version-history":[{"count":1,"href":"https:\/\/radiowebmx.com\/nota\/wp-json\/wp\/v2\/posts\/71256\/revisions"}],"predecessor-version":[{"id":71258,"href":"https:\/\/radiowebmx.com\/nota\/wp-json\/wp\/v2\/posts\/71256\/revisions\/71258"}],"wp:featuredmedia":[{"embeddable":true,"href":"https:\/\/radiowebmx.com\/nota\/wp-json\/wp\/v2\/media\/71257"}],"wp:attachment":[{"href":"https:\/\/radiowebmx.com\/nota\/wp-json\/wp\/v2\/media?parent=71256"}],"wp:term":[{"taxonomy":"category","embeddable":true,"href":"https:\/\/radiowebmx.com\/nota\/wp-json\/wp\/v2\/categories?post=71256"},{"taxonomy":"post_tag","embeddable":true,"href":"https:\/\/radiowebmx.com\/nota\/wp-json\/wp\/v2\/tags?post=71256"}],"curies":[{"name":"wp","href":"https:\/\/api.w.org\/{rel}","templated":true}]}}