{"id":71253,"date":"2024-09-10T14:54:37","date_gmt":"2024-09-10T19:54:37","guid":{"rendered":"https:\/\/radiowebmx.com\/nota\/?p=71253"},"modified":"2024-09-10T14:54:41","modified_gmt":"2024-09-10T19:54:41","slug":"colapsa-muro-en-el-parque-ecologico-lago-de-texcoco-a-dias-de-haberse-inaugurado","status":"publish","type":"post","link":"https:\/\/radiowebmx.com\/nota\/colapsa-muro-en-el-parque-ecologico-lago-de-texcoco-a-dias-de-haberse-inaugurado\/","title":{"rendered":"\u00a1COLAPSA MURO en el Parque ecol\u00f3gico Lago de Texcoco a d\u00edas de haberse inaugurado!"},"content":{"rendered":"\n<p>El&nbsp;Parque Ecol\u00f3gico del Lago de Texcoco (PELT)&nbsp;colaps\u00f3 a solo unos d\u00edas de haber sido inaugurado, pues apenas el pasado 30 de agosto el&nbsp;presidente Andr\u00e9s Manuel L\u00f3pez Obrador&nbsp;encabez\u00f3 su apertura en el&nbsp;<strong>Estado de M\u00e9xico (Edomex).<\/strong><\/p>\n\n\n\n<p>Al parecer la infraestructura present\u00f3 una falla grave en uno de los vertedores, lo que provoc\u00f3 la p\u00e9rdida de dos millones de metros c\u00fabicos de agua almacenada en la<strong>&nbsp;laguna de Texcoco norte.<\/strong><\/p>\n\n\n\n<p>En redes sociales circulan videos e im\u00e1genes en donde se puede observar el desbordamiento generado por la fractura hidr\u00e1ulica.<\/p>\n\n\n\n<h2 class=\"wp-block-heading\"><strong>Destituyen a director del parque&nbsp;<\/strong><\/h2>\n\n\n\n<p>De acuerdo con la&nbsp;Comisi\u00f3n Nacional del Agua (Conagua), el director general del parque, Francisco Ram\u00f3n Thomas P\u00e9rez, fue destituido de su cargo, para evitar injerencias en las investigaciones, por lo que ser\u00e1 I\u00f1aki Echeverr\u00eda quien ocupe su lugar.<\/p>\n\n\n\n<p>Asimismo, la dependencia asegur\u00f3 que se est\u00e1n realizando los peritajes correspondientes para determinar las fallas en la infraestructura, as\u00ed como los trabajos de reparaci\u00f3n, que finalizar\u00e1n entre el 13 y el 16 de septiembre.<\/p>\n\n\n\n<h2 class=\"wp-block-heading\"><strong>Denuncian que almacenaba agua de lluvia de m\u00e1s de dos a\u00f1os<\/strong><\/h2>\n\n\n\n<p>Por su parte, el&nbsp;Frente de Pueblo en Defensa de la Tierra (FPDT)&nbsp;present\u00f3 una denuncia a tres d\u00edas de la inauguraci\u00f3n, asegurando que el vertedor que se venci\u00f3 ten\u00eda agua de lluvia de m\u00e1s de dos a\u00f1os que proven\u00edan de los r\u00edos&nbsp;<strong>Texcoco<\/strong>&nbsp;y Chapingo.<\/p>\n\n\n\n<blockquote class=\"wp-block-quote is-layout-flow wp-block-quote-is-layout-flow\">\n<p><em>Revienta vertedor en el Parque Ecol\u00f3gico Lago de&nbsp;<a href=\"https:\/\/twitter.com\/hashtag\/Texcoco?src=hashtag_click\">#Texcoco<\/a>&nbsp;y millones de litros se van al canal<\/em><\/p>\n<\/blockquote>\n\n\n\n<p>Aseguraron que fue el pasado 2 de septiembre que el vertedor comenz\u00f3 a colapsar, dejando un gran boquete de 6 metros de profundidad, provocando que la&nbsp;<strong>laguna<\/strong>&nbsp;se quedara vac\u00eda en unas horas.<\/p>\n\n\n\n<p>En respuesta, la direcci\u00f3n del&nbsp;<strong>parque<\/strong>&nbsp;reiter\u00f3 que las autoridades ya se encuentran realizando las investigaciones correspondientes.<\/p>\n","protected":false},"excerpt":{"rendered":"<p>El&nbsp;Parque Ecol\u00f3gico del Lago de Texcoco (PELT)&nbsp;colaps\u00f3 a solo unos d\u00edas de haber sido inaugurado, pues apenas el pasado 30 de agosto el&nbsp;presidente Andr\u00e9s Manuel L\u00f3pez Obrador&nbsp;encabez\u00f3 su apertura en el&nbsp;Estado de M\u00e9xico (Edomex). Al parecer la infraestructura present\u00f3 una falla grave en uno de los vertedores, lo que provoc\u00f3 la p\u00e9rdida de dos millones [&hellip;]<\/p>\n","protected":false},"author":2,"featured_media":71254,"comment_status":"closed","ping_status":"closed","sticky":false,"template":"","format":"standard","meta":{"footnotes":""},"categories":[14],"tags":[],"class_list":["post-71253","post","type-post","status-publish","format-standard","has-post-thumbnail","hentry","category-destacadas"],"_links":{"self":[{"href":"https:\/\/radiowebmx.com\/nota\/wp-json\/wp\/v2\/posts\/71253","targetHints":{"allow":["GET"]}}],"collection":[{"href":"https:\/\/radiowebmx.com\/nota\/wp-json\/wp\/v2\/posts"}],"about":[{"href":"https:\/\/radiowebmx.com\/nota\/wp-json\/wp\/v2\/types\/post"}],"author":[{"embeddable":true,"href":"https:\/\/radiowebmx.com\/nota\/wp-json\/wp\/v2\/users\/2"}],"replies":[{"embeddable":true,"href":"https:\/\/radiowebmx.com\/nota\/wp-json\/wp\/v2\/comments?post=71253"}],"version-history":[{"count":1,"href":"https:\/\/radiowebmx.com\/nota\/wp-json\/wp\/v2\/posts\/71253\/revisions"}],"predecessor-version":[{"id":71255,"href":"https:\/\/radiowebmx.com\/nota\/wp-json\/wp\/v2\/posts\/71253\/revisions\/71255"}],"wp:featuredmedia":[{"embeddable":true,"href":"https:\/\/radiowebmx.com\/nota\/wp-json\/wp\/v2\/media\/71254"}],"wp:attachment":[{"href":"https:\/\/radiowebmx.com\/nota\/wp-json\/wp\/v2\/media?parent=71253"}],"wp:term":[{"taxonomy":"category","embeddable":true,"href":"https:\/\/radiowebmx.com\/nota\/wp-json\/wp\/v2\/categories?post=71253"},{"taxonomy":"post_tag","embeddable":true,"href":"https:\/\/radiowebmx.com\/nota\/wp-json\/wp\/v2\/tags?post=71253"}],"curies":[{"name":"wp","href":"https:\/\/api.w.org\/{rel}","templated":true}]}}