{"id":71248,"date":"2024-09-10T14:49:00","date_gmt":"2024-09-10T19:49:00","guid":{"rendered":"https:\/\/radiowebmx.com\/nota\/?p=71248"},"modified":"2024-09-10T14:49:04","modified_gmt":"2024-09-10T19:49:04","slug":"gobierno-de-michoacan-pendiente-por-aumento-de-capacidad-en-presa-de-cointzio","status":"publish","type":"post","link":"https:\/\/radiowebmx.com\/nota\/gobierno-de-michoacan-pendiente-por-aumento-de-capacidad-en-presa-de-cointzio\/","title":{"rendered":"Gobierno de Michoac\u00e1n, pendiente por aumento de capacidad en presa de Cointzio"},"content":{"rendered":"\n<p>Morelia, Michoac\u00e1n, septiembre de 2024.- Con la temporada de lluvias, la presa de Cointzio de Morelia alcanz\u00f3 un 93 por ciento de su capacidad de almacenamiento, por lo que el Gobierno de Michoac\u00e1n se mantiene en alerta para coordinar acciones con la Comisi\u00f3n Nacional del Agua (Conagua) y el Ayuntamiento.<\/p>\n\n\n\n<p>El gobernador Alfredo Ram\u00edrez Bedolla convoc\u00f3 a una reuni\u00f3n de trabajo con autoridades de los tres niveles de gobierno a fin de valorar el comienzo inmediato del desfogue de la presa y evitar afectaciones mayores por inundaciones en colonias aleda\u00f1as al r\u00edo Grande.<\/p>\n\n\n\n<p>Adem\u00e1s, el mandatario instruy\u00f3 a la Comisi\u00f3n Estatal del Agua y Gesti\u00f3n de Cuencas dar seguimiento puntual a las variaciones de los niveles de agua de la presa de Cointzio y de todas las presas del interior del estado.<\/p>\n\n\n\n<p>Lo anterior al recordar que la Conagua es la dependencia federal facultada para autorizar el desfogue de las presas cuando llegan al l\u00edmite de su capacidad de almacenamiento.<\/p>\n","protected":false},"excerpt":{"rendered":"<p>Morelia, Michoac\u00e1n, septiembre de 2024.- Con la temporada de lluvias, la presa de Cointzio de Morelia alcanz\u00f3 un 93 por ciento de su capacidad de almacenamiento, por lo que el Gobierno de Michoac\u00e1n se mantiene en alerta para coordinar acciones con la Comisi\u00f3n Nacional del Agua (Conagua) y el Ayuntamiento. El gobernador Alfredo Ram\u00edrez Bedolla [&hellip;]<\/p>\n","protected":false},"author":2,"featured_media":71249,"comment_status":"closed","ping_status":"closed","sticky":false,"template":"","format":"standard","meta":{"footnotes":""},"categories":[3],"tags":[],"class_list":["post-71248","post","type-post","status-publish","format-standard","has-post-thumbnail","hentry","category-gobierno-del-estado-de-michoacan"],"_links":{"self":[{"href":"https:\/\/radiowebmx.com\/nota\/wp-json\/wp\/v2\/posts\/71248","targetHints":{"allow":["GET"]}}],"collection":[{"href":"https:\/\/radiowebmx.com\/nota\/wp-json\/wp\/v2\/posts"}],"about":[{"href":"https:\/\/radiowebmx.com\/nota\/wp-json\/wp\/v2\/types\/post"}],"author":[{"embeddable":true,"href":"https:\/\/radiowebmx.com\/nota\/wp-json\/wp\/v2\/users\/2"}],"replies":[{"embeddable":true,"href":"https:\/\/radiowebmx.com\/nota\/wp-json\/wp\/v2\/comments?post=71248"}],"version-history":[{"count":1,"href":"https:\/\/radiowebmx.com\/nota\/wp-json\/wp\/v2\/posts\/71248\/revisions"}],"predecessor-version":[{"id":71250,"href":"https:\/\/radiowebmx.com\/nota\/wp-json\/wp\/v2\/posts\/71248\/revisions\/71250"}],"wp:featuredmedia":[{"embeddable":true,"href":"https:\/\/radiowebmx.com\/nota\/wp-json\/wp\/v2\/media\/71249"}],"wp:attachment":[{"href":"https:\/\/radiowebmx.com\/nota\/wp-json\/wp\/v2\/media?parent=71248"}],"wp:term":[{"taxonomy":"category","embeddable":true,"href":"https:\/\/radiowebmx.com\/nota\/wp-json\/wp\/v2\/categories?post=71248"},{"taxonomy":"post_tag","embeddable":true,"href":"https:\/\/radiowebmx.com\/nota\/wp-json\/wp\/v2\/tags?post=71248"}],"curies":[{"name":"wp","href":"https:\/\/api.w.org\/{rel}","templated":true}]}}