{"id":71242,"date":"2024-09-10T14:42:59","date_gmt":"2024-09-10T19:42:59","guid":{"rendered":"https:\/\/radiowebmx.com\/nota\/?p=71242"},"modified":"2024-09-10T14:43:03","modified_gmt":"2024-09-10T19:43:03","slug":"el-lago-de-patzcuaro-se-beneficia-con-una-nueva-draga-para-su-recuperacion-dice-compesca","status":"publish","type":"post","link":"https:\/\/radiowebmx.com\/nota\/el-lago-de-patzcuaro-se-beneficia-con-una-nueva-draga-para-su-recuperacion-dice-compesca\/","title":{"rendered":"El Lago de P\u00e1tzcuaro se beneficia con una nueva draga para su recuperaci\u00f3n, dice Compesca"},"content":{"rendered":"\n<p><strong>En las pr\u00f3ximas semanas, se unir\u00e1 otra draga restaurada para reforzar las labores.<\/strong><\/p>\n\n\n\n<p>P\u00e1tzcuaro, Michoac\u00e1n.- El gobernador Alfredo Ram\u00edrez Bedolla cumple su compromiso con la llegada de una nueva draga al lago de P\u00e1tzcuaro, que fortalecer\u00e1 significativamente las labores de limpieza y recuperaci\u00f3n de este crucial cuerpo de agua.<\/p>\n\n\n\n<p>Ram\u00f3n Hern\u00e1ndez Orozco, director de la Comisi\u00f3n de Pesca de Michoac\u00e1n (Compesca), destac\u00f3 que la nueva maquinaria permitir\u00e1 ampliar y mejorar las labores de limpieza en diversas comunidades ribere\u00f1as.<\/p>\n\n\n\n<p>Este equipo especializado ayudar\u00e1 a eliminar maleza, lodo y otros materiales acumulados en el fondo del lago y en las zonas cercanas a los muelles, lo que mejorar\u00e1 la navegabilidad, el mantenimiento de los manantiales y las tareas de desazolve.<\/p>\n\n\n\n<p>Adem\u00e1s, Hern\u00e1ndez Orozco anunci\u00f3 que en las pr\u00f3ximas semanas llegar\u00e1 una segunda draga, que se encuentra en proceso de restauraci\u00f3n. Con esta adici\u00f3n, se reforzar\u00e1n a\u00fan m\u00e1s los esfuerzos para la recuperaci\u00f3n integral del lago.<\/p>\n\n\n\n<p>El Gobierno del Estado sigue comprometido con la preservaci\u00f3n de este recurso natural, asegurando un futuro sostenible para las comunidades locales y las generaciones futuras.<\/p>\n","protected":false},"excerpt":{"rendered":"<p>En las pr\u00f3ximas semanas, se unir\u00e1 otra draga restaurada para reforzar las labores. P\u00e1tzcuaro, Michoac\u00e1n.- El gobernador Alfredo Ram\u00edrez Bedolla cumple su compromiso con la llegada de una nueva draga al lago de P\u00e1tzcuaro, que fortalecer\u00e1 significativamente las labores de limpieza y recuperaci\u00f3n de este crucial cuerpo de agua. Ram\u00f3n Hern\u00e1ndez Orozco, director de la [&hellip;]<\/p>\n","protected":false},"author":2,"featured_media":71243,"comment_status":"closed","ping_status":"closed","sticky":false,"template":"","format":"standard","meta":{"footnotes":""},"categories":[14],"tags":[],"class_list":["post-71242","post","type-post","status-publish","format-standard","has-post-thumbnail","hentry","category-destacadas"],"_links":{"self":[{"href":"https:\/\/radiowebmx.com\/nota\/wp-json\/wp\/v2\/posts\/71242","targetHints":{"allow":["GET"]}}],"collection":[{"href":"https:\/\/radiowebmx.com\/nota\/wp-json\/wp\/v2\/posts"}],"about":[{"href":"https:\/\/radiowebmx.com\/nota\/wp-json\/wp\/v2\/types\/post"}],"author":[{"embeddable":true,"href":"https:\/\/radiowebmx.com\/nota\/wp-json\/wp\/v2\/users\/2"}],"replies":[{"embeddable":true,"href":"https:\/\/radiowebmx.com\/nota\/wp-json\/wp\/v2\/comments?post=71242"}],"version-history":[{"count":1,"href":"https:\/\/radiowebmx.com\/nota\/wp-json\/wp\/v2\/posts\/71242\/revisions"}],"predecessor-version":[{"id":71244,"href":"https:\/\/radiowebmx.com\/nota\/wp-json\/wp\/v2\/posts\/71242\/revisions\/71244"}],"wp:featuredmedia":[{"embeddable":true,"href":"https:\/\/radiowebmx.com\/nota\/wp-json\/wp\/v2\/media\/71243"}],"wp:attachment":[{"href":"https:\/\/radiowebmx.com\/nota\/wp-json\/wp\/v2\/media?parent=71242"}],"wp:term":[{"taxonomy":"category","embeddable":true,"href":"https:\/\/radiowebmx.com\/nota\/wp-json\/wp\/v2\/categories?post=71242"},{"taxonomy":"post_tag","embeddable":true,"href":"https:\/\/radiowebmx.com\/nota\/wp-json\/wp\/v2\/tags?post=71242"}],"curies":[{"name":"wp","href":"https:\/\/api.w.org\/{rel}","templated":true}]}}