{"id":71170,"date":"2024-08-27T16:20:11","date_gmt":"2024-08-27T21:20:11","guid":{"rendered":"https:\/\/radiowebmx.com\/nota\/?p=71170"},"modified":"2024-08-27T16:20:16","modified_gmt":"2024-08-27T21:20:16","slug":"garantizados-los-sueldos-y-prestaciones-del-magisterio-luis-navarro","status":"publish","type":"post","link":"https:\/\/radiowebmx.com\/nota\/garantizados-los-sueldos-y-prestaciones-del-magisterio-luis-navarro\/","title":{"rendered":"Garantizados los sueldos y prestaciones del magisterio: Luis Navarro"},"content":{"rendered":"\n<p>El Gobierno de Michoac\u00e1n, a trav\u00e9s de la Secretar\u00eda de Finanzas y Administraci\u00f3n (SFA), reafirma que los sueldos y las prestaciones del magisterio est\u00e1n garantizados para el ciclo escolar 2024-2025 que reci\u00e9n inici\u00f3 este lunes.<\/p>\n\n\n\n<p>Esto, con la certeza de que todas y todos, autoridades, sociedad e instituciones educativas, iremos por el tercer a\u00f1o consecutivo sin interrupciones en preescolar, primaria y secundaria, as\u00ed lo declar\u00f3 el tesorero estatal, Luis Navarro Garc\u00eda.<\/p>\n\n\n\n<p>En la Escuela Primaria Ignacio L\u00f3pez Ray\u00f3n, en Morelia, donde, a nombre del gobernador Alfredo Ram\u00edrez Bedolla, dirigi\u00f3 un mensaje a la comunidad del plantel con motivo del inicio del periodo escolar 2024-2025, el cual, dijo, se sumar\u00e1 a los dos anteriores que, por bien de la infancia y la adolescencia, se han impartido sin interrupciones en la entidad.<\/p>\n\n\n\n<p>Tras reconocer la noble misi\u00f3n del magisterio en la formaci\u00f3n de las nuevas generaciones y el esfuerzo que cotidianamente llevan a cabo padres y madres de familia, se dirigi\u00f3 a la ni\u00f1ez, a la que aconsej\u00f3 para que aproveche la oportunidad de aprender, convivir y transitar hacia mejores niveles de educaci\u00f3n, lo cual se traducir\u00e1 en una entidad digna, habitable y pr\u00f3spera.<\/p>\n\n\n\n<p>Inform\u00f3 que el gobernador Alfredo Ram\u00edrez Bedolla ha dado instrucciones para que la actual administraci\u00f3n estatal siga esforz\u00e1ndose, a trav\u00e9s del ahorro y el manejo honesto de los recursos p\u00fablicos, con la intenci\u00f3n de pagar con exactitud y puntualidad al magisterio michoacano, como se ha hecho durante la presente gesti\u00f3n.<\/p>\n\n\n\n<p>\u201cSabemos que, si deseamos un desarrollo integral y sostenido para nuestro querido estado, necesitamos generaciones comprometidas, transparentes, respetuosas y educadas, como lo estamos haciendo desde el inicio de la presente gesti\u00f3n&#8221;, apunt\u00f3.<\/p>\n","protected":false},"excerpt":{"rendered":"<p>El Gobierno de Michoac\u00e1n, a trav\u00e9s de la Secretar\u00eda de Finanzas y Administraci\u00f3n (SFA), reafirma que los sueldos y las prestaciones del magisterio est\u00e1n garantizados para el ciclo escolar 2024-2025 que reci\u00e9n inici\u00f3 este lunes. Esto, con la certeza de que todas y todos, autoridades, sociedad e instituciones educativas, iremos por el tercer a\u00f1o consecutivo [&hellip;]<\/p>\n","protected":false},"author":2,"featured_media":71171,"comment_status":"closed","ping_status":"closed","sticky":false,"template":"","format":"standard","meta":{"footnotes":""},"categories":[3],"tags":[],"class_list":["post-71170","post","type-post","status-publish","format-standard","has-post-thumbnail","hentry","category-gobierno-del-estado-de-michoacan"],"_links":{"self":[{"href":"https:\/\/radiowebmx.com\/nota\/wp-json\/wp\/v2\/posts\/71170","targetHints":{"allow":["GET"]}}],"collection":[{"href":"https:\/\/radiowebmx.com\/nota\/wp-json\/wp\/v2\/posts"}],"about":[{"href":"https:\/\/radiowebmx.com\/nota\/wp-json\/wp\/v2\/types\/post"}],"author":[{"embeddable":true,"href":"https:\/\/radiowebmx.com\/nota\/wp-json\/wp\/v2\/users\/2"}],"replies":[{"embeddable":true,"href":"https:\/\/radiowebmx.com\/nota\/wp-json\/wp\/v2\/comments?post=71170"}],"version-history":[{"count":1,"href":"https:\/\/radiowebmx.com\/nota\/wp-json\/wp\/v2\/posts\/71170\/revisions"}],"predecessor-version":[{"id":71172,"href":"https:\/\/radiowebmx.com\/nota\/wp-json\/wp\/v2\/posts\/71170\/revisions\/71172"}],"wp:featuredmedia":[{"embeddable":true,"href":"https:\/\/radiowebmx.com\/nota\/wp-json\/wp\/v2\/media\/71171"}],"wp:attachment":[{"href":"https:\/\/radiowebmx.com\/nota\/wp-json\/wp\/v2\/media?parent=71170"}],"wp:term":[{"taxonomy":"category","embeddable":true,"href":"https:\/\/radiowebmx.com\/nota\/wp-json\/wp\/v2\/categories?post=71170"},{"taxonomy":"post_tag","embeddable":true,"href":"https:\/\/radiowebmx.com\/nota\/wp-json\/wp\/v2\/tags?post=71170"}],"curies":[{"name":"wp","href":"https:\/\/api.w.org\/{rel}","templated":true}]}}