{"id":71167,"date":"2024-08-27T16:16:12","date_gmt":"2024-08-27T21:16:12","guid":{"rendered":"https:\/\/radiowebmx.com\/nota\/?p=71167"},"modified":"2024-08-27T16:16:15","modified_gmt":"2024-08-27T21:16:15","slug":"vamos-por-tercer-ciclo-escolar-completo-bedolla","status":"publish","type":"post","link":"https:\/\/radiowebmx.com\/nota\/vamos-por-tercer-ciclo-escolar-completo-bedolla\/","title":{"rendered":"Vamos por tercer ciclo escolar completo: Bedolla"},"content":{"rendered":"\n<ul class=\"wp-block-list\">\n<li>A clases, m\u00e1s de un mill\u00f3n de alumnos de educaci\u00f3n b\u00e1sica<\/li>\n<\/ul>\n\n\n\n<p>Uruapan, Michoac\u00e1n, 26 de agosto de 2024.- Tras puntualizar que el Gobierno de Michoac\u00e1n ha invertido m\u00e1s de 370 millones de pesos en 2 mil 100 obras de infraestructura educativa y que a las maestras y maestros se les continuar\u00e1 pagando en tiempo y forma, el gobernador Alfredo Ram\u00edrez Bedolla dio arranque al ciclo escolar 2024-2025, el cual se espera sea el tercero que transcurra de manera completa para Michoac\u00e1n.<\/p>\n\n\n\n<p>Desde la Escuela Primaria Federal Jos\u00e9 Mar\u00eda Morelos, en Uruapan, el mandatario recalc\u00f3 que este lunes retornan m\u00e1s de un mill\u00f3n de estudiantes a 10 mil escuelas de educaci\u00f3n b\u00e1sica, y destac\u00f3 que ahora las maestras y maestros son un ejemplo nacional en formar a las nuevas generaciones.<\/p>\n\n\n\n<p>Tras subir a una de las 98 cabinas que conformar\u00e1n el telef\u00e9rico de Uruapan, que fue llevada al plantel para que los alumnos la conocieran, Ram\u00edrez Bedolla dijo que el pasaje de este sistema de transporte ser\u00e1 igual al de los camiones, cuya ruta contempla un beneficio directo a alumnos de 32 escuelas quienes podr\u00e1n llegar de sus casas al plantel con un ahorro de pasaje, as\u00ed como en el tiempo de traslado. Este ser\u00e1 uno de los planteles que resultar\u00e1 beneficiado con el telef\u00e9rico, ya que en las inmediaciones se localizar\u00e1 una de las estaciones.<\/p>\n\n\n\n<p>En tanto, la secretaria de Educaci\u00f3n, Gabriela Molina Aguilar, refiri\u00f3 que es la primera vez que 6 millones 110 mil libros de texto se distribuyen oportunamente a los alumnos para el inicio del ciclo, coloc\u00e1ndose Michoac\u00e1n en el cuarto lugar nacional en la distribuci\u00f3n.<\/p>\n\n\n\n<p>Se\u00f1al\u00f3 que 40 maestros michoacanos participaron en la redacci\u00f3n de los libros de texto de este ciclo, y que es la primera vez que se tradujeron en 20 lenguas ind\u00edgenas, entre las que se encuentra la pur\u00e9pecha.<\/p>\n","protected":false},"excerpt":{"rendered":"<p>Uruapan, Michoac\u00e1n, 26 de agosto de 2024.- Tras puntualizar que el Gobierno de Michoac\u00e1n ha invertido m\u00e1s de 370 millones de pesos en 2 mil 100 obras de infraestructura educativa y que a las maestras y maestros se les continuar\u00e1 pagando en tiempo y forma, el gobernador Alfredo Ram\u00edrez Bedolla dio arranque al ciclo escolar [&hellip;]<\/p>\n","protected":false},"author":2,"featured_media":71168,"comment_status":"closed","ping_status":"closed","sticky":false,"template":"","format":"standard","meta":{"footnotes":""},"categories":[3],"tags":[],"class_list":["post-71167","post","type-post","status-publish","format-standard","has-post-thumbnail","hentry","category-gobierno-del-estado-de-michoacan"],"_links":{"self":[{"href":"https:\/\/radiowebmx.com\/nota\/wp-json\/wp\/v2\/posts\/71167","targetHints":{"allow":["GET"]}}],"collection":[{"href":"https:\/\/radiowebmx.com\/nota\/wp-json\/wp\/v2\/posts"}],"about":[{"href":"https:\/\/radiowebmx.com\/nota\/wp-json\/wp\/v2\/types\/post"}],"author":[{"embeddable":true,"href":"https:\/\/radiowebmx.com\/nota\/wp-json\/wp\/v2\/users\/2"}],"replies":[{"embeddable":true,"href":"https:\/\/radiowebmx.com\/nota\/wp-json\/wp\/v2\/comments?post=71167"}],"version-history":[{"count":1,"href":"https:\/\/radiowebmx.com\/nota\/wp-json\/wp\/v2\/posts\/71167\/revisions"}],"predecessor-version":[{"id":71169,"href":"https:\/\/radiowebmx.com\/nota\/wp-json\/wp\/v2\/posts\/71167\/revisions\/71169"}],"wp:featuredmedia":[{"embeddable":true,"href":"https:\/\/radiowebmx.com\/nota\/wp-json\/wp\/v2\/media\/71168"}],"wp:attachment":[{"href":"https:\/\/radiowebmx.com\/nota\/wp-json\/wp\/v2\/media?parent=71167"}],"wp:term":[{"taxonomy":"category","embeddable":true,"href":"https:\/\/radiowebmx.com\/nota\/wp-json\/wp\/v2\/categories?post=71167"},{"taxonomy":"post_tag","embeddable":true,"href":"https:\/\/radiowebmx.com\/nota\/wp-json\/wp\/v2\/tags?post=71167"}],"curies":[{"name":"wp","href":"https:\/\/api.w.org\/{rel}","templated":true}]}}