{"id":71157,"date":"2024-08-23T16:28:31","date_gmt":"2024-08-23T21:28:31","guid":{"rendered":"https:\/\/radiowebmx.com\/nota\/?p=71157"},"modified":"2024-08-23T16:28:35","modified_gmt":"2024-08-23T21:28:35","slug":"canada-se-suma-a-la-preocupacion-por-inversiones-en-mexico-ante-reforma-al-poder-judicial","status":"publish","type":"post","link":"https:\/\/radiowebmx.com\/nota\/canada-se-suma-a-la-preocupacion-por-inversiones-en-mexico-ante-reforma-al-poder-judicial\/","title":{"rendered":"\u00a1Canad\u00e1 se suma a la preocupaci\u00f3n por inversiones en M\u00e9xico ante reforma al Poder Judicial!"},"content":{"rendered":"\n<h3 class=\"wp-block-heading\">Horas antes el embajador de EUA se pronunci\u00f3 sobre la iniciativa de AMLO.<\/h3>\n\n\n\n<p><strong>Graeme C. Clark, embajador de Canad\u00e1 en M\u00e9xico<\/strong>, expres\u00f3 algunas inquietudes por la&nbsp;reforma al Poder Judicial&nbsp;que impulsa el presidente Andr\u00e9s Manuel L\u00f3pez Obrador y por la que los trabajadores mantienen un paro de labores.<\/p>\n\n\n\n<p>Cuestionado por&nbsp;EFE&nbsp;previo a la inauguraci\u00f3n del foro de negocios M\u00e9xico-Canad\u00e1 \u201cCanCham Day 2024\u201d, el funcionario se\u00f1al\u00f3 que la<strong>&nbsp;iniciativa para elegir a jueces y ministros por voto popular<\/strong>&nbsp;ha sido motivo de preocupaci\u00f3n entre los inversionistas canadienses.<\/p>\n\n\n\n<p>\u201cLo \u00fanico que estoy haciendo es escuchar<strong>\u00a0lo que dicen nuestros inversionistas al respecto<\/strong>\u00a0y\u00a0<strong>hay preocupaci\u00f3n<\/strong>\u2026 Una inversi\u00f3n es una muestra de confianza. Yo voy a invertir en tu pa\u00eds, yo voy a, no s\u00e9, construir una f\u00e1brica o invertir en una empresa mexicana\u201d, expres\u00f3.<\/p>\n\n\n\n<p>Afirm\u00f3 que pretende ser cuidadoso para evitar comentarios que puedan ser considerados&nbsp;injerencistas&nbsp;en la pol\u00edtica interna de M\u00e9xico, sin embargo, asegur\u00f3 estar atento ante las inquietudes de su pa\u00eds:<\/p>\n\n\n\n<p>\u201cComo diplom\u00e1tico, soy muy sensible a cualquier comentario que podr\u00eda ser visto como una injerencia en los asuntos de M\u00e9xico y ciertamente no es el prop\u00f3sito\u2026 Es el papel de diplom\u00e1tico de una embajada, seguir el desarrollo de eventos y de iniciativas que podr\u00edan tener un<strong>&nbsp;impacto sobre nosotros<\/strong>\u201d.<\/p>\n\n\n\n<h2 class=\"wp-block-heading\"><strong>Reforma judicial \u2018amenaza\u2019 relaci\u00f3n comercial con EUA<\/strong><\/h2>\n\n\n\n<p>Los comentarios del embajador de Canad\u00e1 se dan horas despu\u00e9s de el posicionamiento del embajador de Estados Unidos en M\u00e9xico,\u00a0<strong>Ken Salazar<\/strong>, quien calific\u00f3 a la elecci\u00f3n de ministros como un \u00abriesgo para el funcionamiento de la democracia de M\u00e9xico\u00a0y la integraci\u00f3n de las econom\u00edas de EUA, M\u00e9xico y Canad\u00e1\u00bb, es decir, el T-MEC.<\/p>\n\n\n\n<p>\u00abComprendemos la importancia de la lucha de M\u00e9xico contra la corrupci\u00f3n judicial, sin embargo, la&nbsp;elecci\u00f3n directa y pol\u00edtica de jueces\u2026 No resolver\u00e1 dicha corrupci\u00f3n\u00bb, dijo.<\/p>\n\n\n\n<p>Se\u00f1al\u00f3 que el debate sobre la reforma misma, as\u00ed como las<strong>&nbsp;consecuencias en la pol\u00edtica<\/strong>&nbsp;que se ver\u00e1n en M\u00e9xico de llegarse a aprobar la iniciativa de AMLO,&nbsp;<strong>\u00abamenazan la hist\u00f3rica relaci\u00f3n comercial<\/strong>, pues esa depende de la confianza de las inversiones en M\u00e9xico\u00bb.<\/p>\n","protected":false},"excerpt":{"rendered":"<p>Horas antes el embajador de EUA se pronunci\u00f3 sobre la iniciativa de AMLO. Graeme C. Clark, embajador de Canad\u00e1 en M\u00e9xico, expres\u00f3 algunas inquietudes por la&nbsp;reforma al Poder Judicial&nbsp;que impulsa el presidente Andr\u00e9s Manuel L\u00f3pez Obrador y por la que los trabajadores mantienen un paro de labores. Cuestionado por&nbsp;EFE&nbsp;previo a la inauguraci\u00f3n del foro de [&hellip;]<\/p>\n","protected":false},"author":2,"featured_media":71158,"comment_status":"closed","ping_status":"closed","sticky":false,"template":"","format":"standard","meta":{"footnotes":""},"categories":[14],"tags":[],"class_list":["post-71157","post","type-post","status-publish","format-standard","has-post-thumbnail","hentry","category-destacadas"],"_links":{"self":[{"href":"https:\/\/radiowebmx.com\/nota\/wp-json\/wp\/v2\/posts\/71157","targetHints":{"allow":["GET"]}}],"collection":[{"href":"https:\/\/radiowebmx.com\/nota\/wp-json\/wp\/v2\/posts"}],"about":[{"href":"https:\/\/radiowebmx.com\/nota\/wp-json\/wp\/v2\/types\/post"}],"author":[{"embeddable":true,"href":"https:\/\/radiowebmx.com\/nota\/wp-json\/wp\/v2\/users\/2"}],"replies":[{"embeddable":true,"href":"https:\/\/radiowebmx.com\/nota\/wp-json\/wp\/v2\/comments?post=71157"}],"version-history":[{"count":1,"href":"https:\/\/radiowebmx.com\/nota\/wp-json\/wp\/v2\/posts\/71157\/revisions"}],"predecessor-version":[{"id":71159,"href":"https:\/\/radiowebmx.com\/nota\/wp-json\/wp\/v2\/posts\/71157\/revisions\/71159"}],"wp:featuredmedia":[{"embeddable":true,"href":"https:\/\/radiowebmx.com\/nota\/wp-json\/wp\/v2\/media\/71158"}],"wp:attachment":[{"href":"https:\/\/radiowebmx.com\/nota\/wp-json\/wp\/v2\/media?parent=71157"}],"wp:term":[{"taxonomy":"category","embeddable":true,"href":"https:\/\/radiowebmx.com\/nota\/wp-json\/wp\/v2\/categories?post=71157"},{"taxonomy":"post_tag","embeddable":true,"href":"https:\/\/radiowebmx.com\/nota\/wp-json\/wp\/v2\/tags?post=71157"}],"curies":[{"name":"wp","href":"https:\/\/api.w.org\/{rel}","templated":true}]}}