{"id":71151,"date":"2024-08-23T16:20:52","date_gmt":"2024-08-23T21:20:52","guid":{"rendered":"https:\/\/radiowebmx.com\/nota\/?p=71151"},"modified":"2024-08-23T16:20:56","modified_gmt":"2024-08-23T21:20:56","slug":"va-reforma-al-poder-judicial-en-michoacan-bedolla","status":"publish","type":"post","link":"https:\/\/radiowebmx.com\/nota\/va-reforma-al-poder-judicial-en-michoacan-bedolla\/","title":{"rendered":"Va reforma al Poder Judicial en Michoac\u00e1n: Bedolla"},"content":{"rendered":"\n<p>Morelia, Michoac\u00e1n, 23 de agosto de 2024.- En el marco de la celebraci\u00f3n del Bicentenario de la instalaci\u00f3n del Superior Tribunal de Justicia de Michoac\u00e1n, el gobernador Alfredo Ram\u00edrez Bedolla se\u00f1al\u00f3 que una vez que se apruebe la reforma a nivel nacional al Poder Judicial, en Michoac\u00e1n se realizar\u00e1 lo correspondiente para llevar a cabo dicha homologaci\u00f3n.<\/p>\n\n\n\n<p>Durante el acto, el mandatario refiri\u00f3 que se va a trabajar la reforma judicial de manera conjunta con di\u00e1logo y encuentro, con lo cual, se tendr\u00e1 un mejor Poder Judicial para Michoac\u00e1n.<\/p>\n\n\n\n<p>Refiri\u00f3 que en esta reforma se van a respetar los derechos laborales, se va respetar a los jueces y magistrados, una vez que se concrete y se defina dicha modificaci\u00f3n a la Carta Magna federal.<\/p>\n\n\n\n<p>Destac\u00f3 que el Bicentenario de la instalaci\u00f3n del Superior Tribunal de Justicia es una oportunidad para reafirmar los altos valores que inspiraron la creaci\u00f3n del Poder Judicial, ya que la justicia es la virtud cardinal sobre el cual se sigue construyendo un Michoac\u00e1n m\u00e1s igualitario y libre.<\/p>\n\n\n\n<p>Asimismo, recalc\u00f3 que se cumplen dos siglos del nacimiento de las instituciones esenciales de la Rep\u00fablica, ya que el Poder Judicial junto con los poderes Legislativo y Ejecutivo, constituyen los pilares fundamentales de la estructura gubernamental.<\/p>\n\n\n\n<p>Por su parte, Jorge Res\u00e9ndiz Garc\u00eda, presidente del Supremo Tribunal de Justicia, se\u00f1al\u00f3 que esta conmemoraci\u00f3n es un reconocimiento a los grandes retos por los que el Poder Judicial ha transitado para llegar a lo que ahora es.<\/p>\n\n\n\n<p>Uno de los cuales, inform\u00f3, es la pr\u00f3xima implementaci\u00f3n del Nuevo C\u00f3digo de Procedimientos Civiles y Familiares, as\u00ed como la Ley General de Mecanismos Alternativos de Soluci\u00f3n de Controversias, para la cual se requiere trabajar con el objetivo de que en el plazo establecido se administre justicia atendiendo dicho ordenamiento legal.<\/p>\n","protected":false},"excerpt":{"rendered":"<p>Morelia, Michoac\u00e1n, 23 de agosto de 2024.- En el marco de la celebraci\u00f3n del Bicentenario de la instalaci\u00f3n del Superior Tribunal de Justicia de Michoac\u00e1n, el gobernador Alfredo Ram\u00edrez Bedolla se\u00f1al\u00f3 que una vez que se apruebe la reforma a nivel nacional al Poder Judicial, en Michoac\u00e1n se realizar\u00e1 lo correspondiente para llevar a cabo [&hellip;]<\/p>\n","protected":false},"author":2,"featured_media":71152,"comment_status":"closed","ping_status":"closed","sticky":false,"template":"","format":"standard","meta":{"footnotes":""},"categories":[3],"tags":[],"class_list":["post-71151","post","type-post","status-publish","format-standard","has-post-thumbnail","hentry","category-gobierno-del-estado-de-michoacan"],"_links":{"self":[{"href":"https:\/\/radiowebmx.com\/nota\/wp-json\/wp\/v2\/posts\/71151","targetHints":{"allow":["GET"]}}],"collection":[{"href":"https:\/\/radiowebmx.com\/nota\/wp-json\/wp\/v2\/posts"}],"about":[{"href":"https:\/\/radiowebmx.com\/nota\/wp-json\/wp\/v2\/types\/post"}],"author":[{"embeddable":true,"href":"https:\/\/radiowebmx.com\/nota\/wp-json\/wp\/v2\/users\/2"}],"replies":[{"embeddable":true,"href":"https:\/\/radiowebmx.com\/nota\/wp-json\/wp\/v2\/comments?post=71151"}],"version-history":[{"count":1,"href":"https:\/\/radiowebmx.com\/nota\/wp-json\/wp\/v2\/posts\/71151\/revisions"}],"predecessor-version":[{"id":71153,"href":"https:\/\/radiowebmx.com\/nota\/wp-json\/wp\/v2\/posts\/71151\/revisions\/71153"}],"wp:featuredmedia":[{"embeddable":true,"href":"https:\/\/radiowebmx.com\/nota\/wp-json\/wp\/v2\/media\/71152"}],"wp:attachment":[{"href":"https:\/\/radiowebmx.com\/nota\/wp-json\/wp\/v2\/media?parent=71151"}],"wp:term":[{"taxonomy":"category","embeddable":true,"href":"https:\/\/radiowebmx.com\/nota\/wp-json\/wp\/v2\/categories?post=71151"},{"taxonomy":"post_tag","embeddable":true,"href":"https:\/\/radiowebmx.com\/nota\/wp-json\/wp\/v2\/tags?post=71151"}],"curies":[{"name":"wp","href":"https:\/\/api.w.org\/{rel}","templated":true}]}}