{"id":71135,"date":"2024-08-22T21:27:18","date_gmt":"2024-08-23T02:27:18","guid":{"rendered":"https:\/\/radiowebmx.com\/nota\/?p=71135"},"modified":"2024-08-22T21:27:22","modified_gmt":"2024-08-23T02:27:22","slug":"ratifican-por-tercera-ocasion-a-la-rectora-yarabi-avila-como-presidenta-de-la-red-juntos-por-michoacan","status":"publish","type":"post","link":"https:\/\/radiowebmx.com\/nota\/ratifican-por-tercera-ocasion-a-la-rectora-yarabi-avila-como-presidenta-de-la-red-juntos-por-michoacan\/","title":{"rendered":"Ratifican por tercera ocasi\u00f3n a la rectora Yarab\u00ed \u00c1vila como presidenta de la Red Juntos por Michoac\u00e1n"},"content":{"rendered":"\n<p><strong><em>La rectora de la UMSNH manifest\u00f3 su compromiso con la educaci\u00f3n; estar\u00e1 al frente del organismo por el periodo 2024-2025<\/em><\/strong><\/p>\n\n\n\n<p>Morelia, Michoac\u00e1n, a 22 de agosto de 2024.- La rectora de la Universidad Michoacana de San Nicol\u00e1s de Hidalgo (UMSNH), Yarab\u00ed \u00c1vila Gonz\u00e1lez, fue electa por tercera ocasi\u00f3n como presidenta de la Red Juntos por Michoac\u00e1n, para el periodo 2024-2025.<\/p>\n\n\n\n<p>En sesi\u00f3n del organismo que aglutina a instituciones educativas de diversos municipios del estado, las y los integrantes votaron por unanimidad por la permanencia de la rectora nicolaita al frente de la Red.<\/p>\n\n\n\n<p>En este marco, la rectora de la UMSNH, Yarab\u00ed \u00c1vila Gonz\u00e1lez, agradeci\u00f3 la confianza para continuar encabezando la presidencia del organismo, tras se\u00f1alar que hay un profundo compromiso por la educaci\u00f3n y por seguir trabajando en equipo con miras a construir un mejor Michoac\u00e1n.<\/p>\n\n\n\n<p>\u201cReconocer la labor de todas y todos quienes integran la Red Juntos por Michoac\u00e1n, porque los logros obtenido son resultado de la conjunci\u00f3n de esfuerzos, y estoy segura que continuaremos realizando acciones que permitan engrandecer a nuestro estado y sobre todo generar mejores condiciones para nuestras y nuestros estudiantes\u201d.<\/p>\n\n\n\n<p>Cabe se\u00f1alar que, la mesa directiva de la Red Juntos por Michoac\u00e1n para el periodo 2024-2025, qued\u00f3 conformada por la rectora de la UMSNH, Yarab\u00ed \u00c1vila Gonz\u00e1lez, como presidenta del organismo; la directora de la Universidad del Valle de Atemajac campus La Piedad, Natalia Salinas Bravo, como vicepresidenta y el rector de la Universidad Latina de Am\u00e9rica, Jes\u00fas Vivanco Rodr\u00edguez, como tesorero.<\/p>\n","protected":false},"excerpt":{"rendered":"<p>La rectora de la UMSNH manifest\u00f3 su compromiso con la educaci\u00f3n; estar\u00e1 al frente del organismo por el periodo 2024-2025 Morelia, Michoac\u00e1n, a 22 de agosto de 2024.- La rectora de la Universidad Michoacana de San Nicol\u00e1s de Hidalgo (UMSNH), Yarab\u00ed \u00c1vila Gonz\u00e1lez, fue electa por tercera ocasi\u00f3n como presidenta de la Red Juntos por [&hellip;]<\/p>\n","protected":false},"author":2,"featured_media":71136,"comment_status":"closed","ping_status":"closed","sticky":false,"template":"","format":"standard","meta":{"footnotes":""},"categories":[14],"tags":[],"class_list":["post-71135","post","type-post","status-publish","format-standard","has-post-thumbnail","hentry","category-destacadas"],"_links":{"self":[{"href":"https:\/\/radiowebmx.com\/nota\/wp-json\/wp\/v2\/posts\/71135","targetHints":{"allow":["GET"]}}],"collection":[{"href":"https:\/\/radiowebmx.com\/nota\/wp-json\/wp\/v2\/posts"}],"about":[{"href":"https:\/\/radiowebmx.com\/nota\/wp-json\/wp\/v2\/types\/post"}],"author":[{"embeddable":true,"href":"https:\/\/radiowebmx.com\/nota\/wp-json\/wp\/v2\/users\/2"}],"replies":[{"embeddable":true,"href":"https:\/\/radiowebmx.com\/nota\/wp-json\/wp\/v2\/comments?post=71135"}],"version-history":[{"count":1,"href":"https:\/\/radiowebmx.com\/nota\/wp-json\/wp\/v2\/posts\/71135\/revisions"}],"predecessor-version":[{"id":71137,"href":"https:\/\/radiowebmx.com\/nota\/wp-json\/wp\/v2\/posts\/71135\/revisions\/71137"}],"wp:featuredmedia":[{"embeddable":true,"href":"https:\/\/radiowebmx.com\/nota\/wp-json\/wp\/v2\/media\/71136"}],"wp:attachment":[{"href":"https:\/\/radiowebmx.com\/nota\/wp-json\/wp\/v2\/media?parent=71135"}],"wp:term":[{"taxonomy":"category","embeddable":true,"href":"https:\/\/radiowebmx.com\/nota\/wp-json\/wp\/v2\/categories?post=71135"},{"taxonomy":"post_tag","embeddable":true,"href":"https:\/\/radiowebmx.com\/nota\/wp-json\/wp\/v2\/tags?post=71135"}],"curies":[{"name":"wp","href":"https:\/\/api.w.org\/{rel}","templated":true}]}}