{"id":7109,"date":"2014-05-20T11:14:17","date_gmt":"2014-05-20T16:14:17","guid":{"rendered":"https:\/\/radiowebmx.com\/nota\/?p=7109"},"modified":"2014-05-20T11:14:17","modified_gmt":"2014-05-20T16:14:17","slug":"deportistas-del-consejo-mundial-de-boxeo-se-afilian-al-seguro-popular","status":"publish","type":"post","link":"https:\/\/radiowebmx.com\/nota\/deportistas-del-consejo-mundial-de-boxeo-se-afilian-al-seguro-popular\/","title":{"rendered":"DEPORTISTAS DEL CONSEJO MUNDIAL DE BOXEO SE AFILIAN AL SEGURO POPULAR"},"content":{"rendered":"<p><a href=\"https:\/\/radiowebmx.com\/nota\/wp-content\/uploads\/2014\/05\/2014-05-19-11.26.23.jpg\"><img loading=\"lazy\" decoding=\"async\" class=\"alignleft size-full wp-image-7110\" alt=\"2014-05-19 11.26.23\" src=\"https:\/\/radiowebmx.com\/nota\/wp-content\/uploads\/2014\/05\/2014-05-19-11.26.23.jpg\" width=\"591\" height=\"315\" \/><\/a>El comisionado Nacional de Protecci\u00f3n Social en Salud, Gabriel O`Shea Cuevas, en presencia del comisionado para la Seguridad y Desarrollo Integral de Michoac\u00e1n, Alfredo Castillo Cervantes, entreg\u00f3 p\u00f3lizas de afiliaci\u00f3n al Seguro Popular a una docena de campeones y ex triunfadores del Consejo Mundial de Boxeo.<\/p>\n<p>&nbsp;<\/p>\n<p>En el marco del 473 aniversario de fundaci\u00f3n de Morelia, Alfredo Castillo Cervantes agradeci\u00f3 la hospitalidad y el apoyo del secretario de Salud en Michoac\u00e1n, Rafael D\u00edaz Rodr\u00edguez, as\u00ed como del alcalde de Morelia, Wlfrido L\u00e1zaro Medina, y aprovech\u00f3 para anunciar que el secretario de Gobernaci\u00f3n Miguel \u00c1ngel Osorio Chong dispuso, junto con el Gobierno del Estado, elevar a Morelia a la categor\u00eda Challenger de Tennis, nivel que en nuestro pa\u00eds s\u00f3lo poseen cuatro sedes y que permitir\u00e1 traer a la capital michoacana, tenistas de 30 nacionalidades.<\/p>\n<p>&nbsp;<\/p>\n<p>\u201cEn este sentido, se refleja la confianza que se est\u00e1 teniendo en Morelia, tanto en el tema del deporte, como en otro tipo de condiciones\u201d, concluy\u00f3 el Comisionado.<\/p>\n<p>&nbsp;<\/p>\n<p>Por su parte, el titular de la Salud en la entidad, Rafael D\u00edaz, dijo que este tipo de acciones muestran una vez m\u00e1s que para la Presidencia de la Rep\u00fablica la salud de los michoacanos es una prioridad.<\/p>\n<p>&nbsp;<\/p>\n<p>Explic\u00f3, que el Seguro Popular es un protocolo m\u00e9dico que actualmente permite realizar 285 intervenciones, atender m\u00e1s de mil 500 enfermedades y posee 634 claves de medicamentos.<\/p>\n<p>&nbsp;<\/p>\n<p>\u201cEstoy seguro que quienes quedan en la memoria de la sociedad no son los que tuvieron \u00e9xito econ\u00f3mico en la vida, sino aquellos que fueron capaces de hacer los sacrificios suficientes y necesarios para trascender y seguir algo digno de imitar\u201d, dijo a los deportistas.<\/p>\n<p>&nbsp;<\/p>\n<p>Por su parte, el presidente municipal de Morelia, Wilfrido L\u00e1zaro destac\u00f3: \u201cMorelia se enorgullece de todos ustedes. Gracias por hacer brillar el nombre de M\u00e9xico y de Michoac\u00e1n, por entregarse con pasi\u00f3n a cada desaf\u00edo, y desde luego, por ser una fuente de inspiraci\u00f3n para los ni\u00f1os y los j\u00f3venes morelianos\u201d.<\/p>\n<p>&nbsp;<\/p>\n<p>Posteriormente, entreg\u00f3 un reconocimiento a Alfredo Castillo Cervantes y a Gabriel O\u2019shea, por el compromiso y apoyo con Morelia.<\/p>\n<p>&nbsp;<\/p>\n<p>Mauricio Sulaim\u00e1n Sald\u00edvar, presidente del Consejo Mundial de Boxeo (CMB), expres\u00f3 que el boxeador siempre ha estado desprotegido, nunca ha tenido esa seguridad social que ha sido un sue\u00f1o, \u201cy que el d\u00eda de hoy se convierte en realidad, gracias a la visi\u00f3n de gente honorable, comprometida con el deportista y sus familias. Mi agradecimiento por darle al boxeador lo que se merece\u201d, dijo.<\/p>\n<p>&nbsp;<\/p>\n<p>Ivette Zamora, Jessica Gonz\u00e1lez y Zulina Mu\u00f1oz fueron las campeonas del CMB que recibieron sus p\u00f3lizas de afiliaci\u00f3n; adem\u00e1s de los ex campeones Ultiminio Ramos,\u00a0 Antonio Rold\u00e1n Reyna y Guillermo P\u00e9rez Sandoval, \u00e9ste \u00faltimo campe\u00f3n mundial de Taekwondo en Beijing 2008.<\/p>\n<p>&nbsp;<\/p>\n<p>Durante el evento simb\u00f3lico que se realiz\u00f3 en el patio principal de Palacio Municipal estuvieron presentes: Daniel Aceves Villagr\u00e1n, director general del programa \u201cOportunidades\u201d, y Eduardo Francisco Berterame Barqu\u00edn, el director general de Afiliaci\u00f3n y Operaci\u00f3n de la Comisi\u00f3n Nacional de Protecci\u00f3n Social en Salud.<\/p>\n<p>&nbsp;<\/p>\n","protected":false},"excerpt":{"rendered":"<p>El comisionado Nacional de Protecci\u00f3n Social en Salud, Gabriel O`Shea Cuevas, en presencia del comisionado para la Seguridad y Desarrollo Integral de Michoac\u00e1n, Alfredo Castillo Cervantes, <\/p>\n","protected":false},"author":1,"featured_media":0,"comment_status":"open","ping_status":"open","sticky":false,"template":"","format":"standard","meta":{"footnotes":""},"categories":[14,3],"tags":[],"class_list":["post-7109","post","type-post","status-publish","format-standard","hentry","category-destacadas","category-gobierno-del-estado-de-michoacan"],"_links":{"self":[{"href":"https:\/\/radiowebmx.com\/nota\/wp-json\/wp\/v2\/posts\/7109","targetHints":{"allow":["GET"]}}],"collection":[{"href":"https:\/\/radiowebmx.com\/nota\/wp-json\/wp\/v2\/posts"}],"about":[{"href":"https:\/\/radiowebmx.com\/nota\/wp-json\/wp\/v2\/types\/post"}],"author":[{"embeddable":true,"href":"https:\/\/radiowebmx.com\/nota\/wp-json\/wp\/v2\/users\/1"}],"replies":[{"embeddable":true,"href":"https:\/\/radiowebmx.com\/nota\/wp-json\/wp\/v2\/comments?post=7109"}],"version-history":[{"count":1,"href":"https:\/\/radiowebmx.com\/nota\/wp-json\/wp\/v2\/posts\/7109\/revisions"}],"predecessor-version":[{"id":7111,"href":"https:\/\/radiowebmx.com\/nota\/wp-json\/wp\/v2\/posts\/7109\/revisions\/7111"}],"wp:attachment":[{"href":"https:\/\/radiowebmx.com\/nota\/wp-json\/wp\/v2\/media?parent=7109"}],"wp:term":[{"taxonomy":"category","embeddable":true,"href":"https:\/\/radiowebmx.com\/nota\/wp-json\/wp\/v2\/categories?post=7109"},{"taxonomy":"post_tag","embeddable":true,"href":"https:\/\/radiowebmx.com\/nota\/wp-json\/wp\/v2\/tags?post=7109"}],"curies":[{"name":"wp","href":"https:\/\/api.w.org\/{rel}","templated":true}]}}