{"id":7106,"date":"2014-05-20T11:12:33","date_gmt":"2014-05-20T16:12:33","guid":{"rendered":"https:\/\/radiowebmx.com\/nota\/?p=7106"},"modified":"2014-05-20T11:12:33","modified_gmt":"2014-05-20T16:12:33","slug":"mas-de-700-mil-acciones-durante-la-primera-semana-nacional-de-salud-bucal","status":"publish","type":"post","link":"https:\/\/radiowebmx.com\/nota\/mas-de-700-mil-acciones-durante-la-primera-semana-nacional-de-salud-bucal\/","title":{"rendered":"M\u00c1S DE 700 MIL ACCIONES DURANTE LA PRIMERA SEMANA NACIONAL DE SALUD BUCAL"},"content":{"rendered":"<p><a href=\"https:\/\/radiowebmx.com\/nota\/wp-content\/uploads\/2014\/05\/DSC5208.jpg\"><img loading=\"lazy\" decoding=\"async\" class=\"alignleft size-full wp-image-7107\" alt=\"_DSC5208\" src=\"https:\/\/radiowebmx.com\/nota\/wp-content\/uploads\/2014\/05\/DSC5208.jpg\" width=\"591\" height=\"253\" \/><\/a>Del 19 al 23 de mayo se realiza la Primera Semana Nacional de Salud Bucal denominada \u201cSalud bucal, mucho m\u00e1s que dientes sanos\u201d, en la que se pretenden realizar m\u00e1s de 13 mil 500 consultas, 600 mil actividades preventivas y 100 mil actividades curativas, con las que se ver\u00e1n beneficiados tanto ni\u00f1os como adultos.<\/p>\n<p>&nbsp;<\/p>\n<p>Durante el arranque efectuado en las instalaciones de la Escuela Primaria Federal \u201cJes\u00fas Romero Flores\u201d de la ciudad de Morelia, el director de Servicios de Salud de la Secretar\u00eda de Salud en Michoac\u00e1n (SSM), Julio Fernando Nocetti Tiznado, dio a conocer que durante este semana se contar\u00e1 con una amplia e intensa participaci\u00f3n del personal del sector salud en m\u00e1s de 220 Unidades M\u00e9dicas y la labor de 800 m\u00e9dicos odont\u00f3logos.<\/p>\n<p>&nbsp;<\/p>\n<p>Expres\u00f3 que los objetivos de la Primera Semana Nacional de Salud Bucal se centran en reducir el rezago en atenci\u00f3n odontol\u00f3gica y universalizar las acciones de prevenci\u00f3n con calidad y seguridad.<\/p>\n<p>&nbsp;<\/p>\n<p>Asimismo, Nocetti Tiznado hizo \u00e9nfasis en que los padecimientos bucales no son asunto menor, ya que a veces se piensa que \u00e9stos no son graves como otras enfermedades, por el contrario dijo, representa un problema grave que adem\u00e1s suele desencadenar complicaciones muy severas.<\/p>\n<p>&nbsp;<\/p>\n<p>\u201cPor ello, la salud bucal refleja muchas de nuestras conductas y actitudes hacia las pr\u00e1cticas de higiene y prevenci\u00f3n que son esenciales para mantener una vida sana. Nos hemos percatado que entre los escolares, los padecimientos odontol\u00f3gicos est\u00e1n muy por arriba de las recomendaciones internacionales; desde entonces se han llevado a cabo diversas acciones tanto preventivas como de curaci\u00f3n con la intenci\u00f3n de abatir estos niveles\u201d, se\u00f1al\u00f3.<\/p>\n<p>&nbsp;<\/p>\n<p>Antes de concluir, el director de Servicios de Salud de la SSM detall\u00f3 que es satisfactorio para \u00e9l ver reunidos en el centro escolar a ni\u00f1os, docentes y miembros de la comunidad educativa, en torno a una causa, en particular la salud bucal.<\/p>\n<p>&nbsp;<\/p>\n<p>\u201cUna sonrisa sin duda refleja nuestro estado de \u00e1nimo, nuestra actividad hacia la vida, la tranquilidad de nuestro esp\u00edritu y por supuesto, nuestra salud\u201d, expuso.<\/p>\n<p>&nbsp;<\/p>\n<p>En el evento se cont\u00f3 con la asistencia de la directora del Sistema para el Desarrollo Integral de la Familia (DIF) Michoac\u00e1n, Nelly Sastr\u00e9 Gasca; el director de Salud del Ayuntamiento de Morelia, Erick B\u00e1ez Morales; la coordinadora de Salud Bucal del ISSSTE, Gloria Lorena Salgado Rivas; el coordinador auxiliar de Salud P\u00fablica del IMSS, Faustino Alc\u00e1ntar Ch\u00e1vez; s\u00f3lo por mencionar algunos.<\/p>\n<p>&nbsp;<\/p>\n<p>Cabe hacer menci\u00f3n que en el arranque, se hizo entrega por parte de las autoridades de un reconocimiento y un obsequio a la ni\u00f1a Ana Paola Loaiza Mart\u00ednez, de tercer grado grupo D de la Escuela Primaria \u201cJos\u00e9 Mar\u00eda Morelos\u201d, del municipio de Tar\u00edmbaro, quien realiz\u00f3 un dibujo alusivo a la salud bucal, mismo que fue seleccionado para aparecer en un calendario de la Secretar\u00eda de Salud Federal con otros 11 dibujos m\u00e1s.<\/p>\n<p>&nbsp;<\/p>\n<p>Las actividades que se realizar\u00e1n durante esta Primera Semana Nacional de Salud Bucal son:<\/p>\n<p>&nbsp;<\/p>\n<p><b>Actividades preventivas extramuros:<\/b><\/p>\n<ul>\n<li>Detecci\u00f3n de placa bacteriana<b><\/b><\/li>\n<li>Instrucci\u00f3n de t\u00e9cnica de cepillado y uso de hilo dental<b><\/b><\/li>\n<li>Enjuagues de fluoruro de sodio<b><\/b><\/li>\n<li>Revisi\u00f3n de tejidos bucales e instrucci\u00f3n de autoexamen de cavidad bucal<b><\/b><\/li>\n<li>Revisi\u00f3n e instrucci\u00f3n de higiene de pr\u00f3tesis<b><\/b><\/li>\n<li>Profilaxis (limpieza dental)<b><\/b><\/li>\n<li>Odontoxesis (remoci\u00f3n de sarro)<b><\/b><\/li>\n<li>Aplicaci\u00f3n de t\u00f3pica de fl\u00faor<b><\/b><\/li>\n<li>Sellado de fosetas y fisuras<b><\/b><\/li>\n<li>Sesiones sobre salud bucal<b><\/b><\/li>\n<\/ul>\n<p><b>\u00a0<\/b><\/p>\n<p><b>Actividades Curativas:<\/b><\/p>\n<ul>\n<li>Obturaci\u00f3n con amalgama, resina o ion\u00f3mero de vidrio<b><\/b><\/li>\n<li>Obturaciones con material temporal<b><\/b><\/li>\n<li>Extracciones <b><\/b><\/li>\n<li>Terapia pulpar<b><\/b><\/li>\n<li>Farmacoterapia<b><\/b><\/li>\n<li>Radiograf\u00edas<b><\/b><\/li>\n<\/ul>\n","protected":false},"excerpt":{"rendered":"<p>Del 19 al 23 de mayo se realiza la Primera Semana Nacional de Salud Bucal denominada \u201cSalud bucal, mucho m\u00e1s que dientes sanos\u201d, en la que se pretenden realizar m\u00e1s de 13 mil 500 consultas, 600 mil actividades preventivas y 100 mil actividades curativas, <\/p>\n","protected":false},"author":1,"featured_media":0,"comment_status":"open","ping_status":"open","sticky":false,"template":"","format":"standard","meta":{"footnotes":""},"categories":[14,3],"tags":[],"class_list":["post-7106","post","type-post","status-publish","format-standard","hentry","category-destacadas","category-gobierno-del-estado-de-michoacan"],"_links":{"self":[{"href":"https:\/\/radiowebmx.com\/nota\/wp-json\/wp\/v2\/posts\/7106","targetHints":{"allow":["GET"]}}],"collection":[{"href":"https:\/\/radiowebmx.com\/nota\/wp-json\/wp\/v2\/posts"}],"about":[{"href":"https:\/\/radiowebmx.com\/nota\/wp-json\/wp\/v2\/types\/post"}],"author":[{"embeddable":true,"href":"https:\/\/radiowebmx.com\/nota\/wp-json\/wp\/v2\/users\/1"}],"replies":[{"embeddable":true,"href":"https:\/\/radiowebmx.com\/nota\/wp-json\/wp\/v2\/comments?post=7106"}],"version-history":[{"count":1,"href":"https:\/\/radiowebmx.com\/nota\/wp-json\/wp\/v2\/posts\/7106\/revisions"}],"predecessor-version":[{"id":7108,"href":"https:\/\/radiowebmx.com\/nota\/wp-json\/wp\/v2\/posts\/7106\/revisions\/7108"}],"wp:attachment":[{"href":"https:\/\/radiowebmx.com\/nota\/wp-json\/wp\/v2\/media?parent=7106"}],"wp:term":[{"taxonomy":"category","embeddable":true,"href":"https:\/\/radiowebmx.com\/nota\/wp-json\/wp\/v2\/categories?post=7106"},{"taxonomy":"post_tag","embeddable":true,"href":"https:\/\/radiowebmx.com\/nota\/wp-json\/wp\/v2\/tags?post=7106"}],"curies":[{"name":"wp","href":"https:\/\/api.w.org\/{rel}","templated":true}]}}