{"id":707,"date":"2012-12-20T12:11:26","date_gmt":"2012-12-20T18:11:26","guid":{"rendered":"https:\/\/radiowebmx.com\/nota\/?p=707"},"modified":"2012-12-20T12:11:26","modified_gmt":"2012-12-20T18:11:26","slug":"fausto-vallejo-se-reune-con-titulares-de-sep-y-banobras","status":"publish","type":"post","link":"https:\/\/radiowebmx.com\/nota\/fausto-vallejo-se-reune-con-titulares-de-sep-y-banobras\/","title":{"rendered":"FAUSTO VALLEJO SE RE\u00daNE CON TITULARES DE SEP Y BANOBRAS"},"content":{"rendered":"<p>Durante el encuentro que sostuvo este mi\u00e9rcoles el gobernador del estado, Fausto Vallejo Figueroa, con los titulares de la Secretar\u00eda de Educaci\u00f3n P\u00fablica federal, Emilio Chuayffet Chemor y del Banco Nacional de Obras y Servicios P\u00fablicos (Banobras), Alfredo del Mazo Maza, abord\u00f3 temas relativos a la recuperaci\u00f3n de la rector\u00eda del sector educativo en la entidad y la realidad financiera de nuestro estado.<\/p>\n<p>En su reuni\u00f3n con el titular de la SEP, Emilio Chuayffet, el mandatario estatal coment\u00f3 sobre la Reforma Educativa propuesta por el presidente de M\u00e9xico, Enrique Pe\u00f1a Nieto y la necesidad de que el estado de Michoac\u00e1n, con el apoyo de la federaci\u00f3n, recupere la rector\u00eda de la educaci\u00f3n.<\/p>\n<p>Posteriormente, Vallejo Figueroa en su encuentro de trabajo con el nuevo titular de Banobras, le plante\u00f3 la situaci\u00f3n en que se encuentran las finanzas del estado de Michoac\u00e1n y le solicit\u00f3 el ser intermediario con la banca de desarrollo en beneficio de la entidad. Del Mazo Maza se comprometi\u00f3 con el gobierno de Michoac\u00e1n a dar seguimiento al proceso de la reestructura de la deuda p\u00fablica estatal.<\/p>\n","protected":false},"excerpt":{"rendered":"<p>Durante el encuentro que sostuvo este mi\u00e9rcoles el gobernador del estado, Fausto Vallejo Figueroa, con los titulares de la Secretar\u00eda de Educaci\u00f3n P\u00fablica federal, Emilio Chuayffet Chemor y del Banco Nacional de Obras y Servicios P\u00fablicos (Banobras), Alfredo del Mazo Maza, abord\u00f3 temas relativos a la recuperaci\u00f3n de la rector\u00eda del sector educativo en la [&hellip;]<\/p>\n","protected":false},"author":1,"featured_media":0,"comment_status":"open","ping_status":"open","sticky":false,"template":"","format":"standard","meta":{"footnotes":""},"categories":[3],"tags":[],"class_list":["post-707","post","type-post","status-publish","format-standard","hentry","category-gobierno-del-estado-de-michoacan"],"_links":{"self":[{"href":"https:\/\/radiowebmx.com\/nota\/wp-json\/wp\/v2\/posts\/707","targetHints":{"allow":["GET"]}}],"collection":[{"href":"https:\/\/radiowebmx.com\/nota\/wp-json\/wp\/v2\/posts"}],"about":[{"href":"https:\/\/radiowebmx.com\/nota\/wp-json\/wp\/v2\/types\/post"}],"author":[{"embeddable":true,"href":"https:\/\/radiowebmx.com\/nota\/wp-json\/wp\/v2\/users\/1"}],"replies":[{"embeddable":true,"href":"https:\/\/radiowebmx.com\/nota\/wp-json\/wp\/v2\/comments?post=707"}],"version-history":[{"count":2,"href":"https:\/\/radiowebmx.com\/nota\/wp-json\/wp\/v2\/posts\/707\/revisions"}],"predecessor-version":[{"id":709,"href":"https:\/\/radiowebmx.com\/nota\/wp-json\/wp\/v2\/posts\/707\/revisions\/709"}],"wp:attachment":[{"href":"https:\/\/radiowebmx.com\/nota\/wp-json\/wp\/v2\/media?parent=707"}],"wp:term":[{"taxonomy":"category","embeddable":true,"href":"https:\/\/radiowebmx.com\/nota\/wp-json\/wp\/v2\/categories?post=707"},{"taxonomy":"post_tag","embeddable":true,"href":"https:\/\/radiowebmx.com\/nota\/wp-json\/wp\/v2\/tags?post=707"}],"curies":[{"name":"wp","href":"https:\/\/api.w.org\/{rel}","templated":true}]}}