{"id":7057,"date":"2014-05-16T13:38:24","date_gmt":"2014-05-16T18:38:24","guid":{"rendered":"https:\/\/radiowebmx.com\/nota\/?p=7057"},"modified":"2014-05-16T13:38:24","modified_gmt":"2014-05-16T18:38:24","slug":"temas-de-cafe-138","status":"publish","type":"post","link":"https:\/\/radiowebmx.com\/nota\/temas-de-cafe-138\/","title":{"rendered":"TEMAS DE CAF\u00c9"},"content":{"rendered":"<ul>\n<li><a href=\"https:\/\/radiowebmx.com\/nota\/wp-content\/uploads\/2013\/06\/temas-de-cafe.jpg\"><img loading=\"lazy\" decoding=\"async\" class=\"alignleft size-full wp-image-2805\" alt=\"temas de cafe\" src=\"https:\/\/radiowebmx.com\/nota\/wp-content\/uploads\/2013\/06\/temas-de-cafe.jpg\" width=\"295\" height=\"171\" \/><\/a>EL HOMENAJE A FAUSTO<\/li>\n<li>JUAN TORRES Y AL BUKI<\/li>\n<li>QUIEN: MADERO-CORDERO<\/li>\n<li>RELEVO PRI POR CONSENSO<\/li>\n<\/ul>\n<p>El tema central en estos d\u00edas, en caf\u00e9s, restaurants y dem\u00e1s centros de reuni\u00f3n, es el relevo en el PRI estatal, y vaya que han cambiado las cosas, ahora lo dicho inicialmente por el delegado del CEN del PRI, ha quedado para la historia, de que la renovaci\u00f3n del comit\u00e9, se har\u00eda por designaci\u00f3n porque no hab\u00eda condiciones, para un proceso de consenso donde todos participaran con sus opiniones, desde luego se alzaron las voces primero, del grupo de Jes\u00fas Reyna, encabezado por Jes\u00fas Sierra, quien tal vez se le pas\u00f3 un poco la mano, pero hicieron reflexionar a la dirigencia nacional, as\u00ed que ahora las cosas cambiaron y de acuerdo a lo dado a conocer por Armando Ballinas, quien fue elegido presidente de la asociaci\u00f3n de ex presidentes del PRI, que el proceso de renovaci\u00f3n ser\u00e1 apegado a los estatutos.<\/p>\n<p>HABRA CONVOCATORIA, NO SERA POR DESIGNACION<\/p>\n<p>Aunque tal vez Armando Ballinas tiene inter\u00e9s manifiesto, parece que su actuaci\u00f3n derivar\u00e1 en algo bueno, y es que qui\u00e9n sabe c\u00f3mo pero se hizo, la designaci\u00f3n de Armando Ballinas como presidente, del organismo que aglutina a los ex presidentes del PRI estatal, donde sobreviven 14 de ellos, entre quienes recordamos est\u00e1 Carlos G\u00e1lvez Herrera, V\u00edctor\u00a0 Silva Tejeda, Chon Orihuela, Jorge Guerrero, Fauso Vallejo, Fernando Orihuela, y es que Armando Ballinas es familiar pol\u00edtico de Diego Romeo Ch\u00e1vez Hern\u00e1ndez, a quien desde luego promueve para la dirigencia estatal del PRI.<\/p>\n<p>Recordamos a Armando Ballinas cerca de Luis Donaldo Colosio, cuando fue candidato a la presidencia de la rep\u00fablica, ah\u00ed en ese grupo andaba Lerdo de Tejada, hoy director general del IMSS, la cuesti\u00f3n es que afirm\u00f3 Armado Ballinas, que los ex presidentes del PRI, platicaron con Melquiades Morales, con quien quedaron que el relevo se realizar\u00eda en unos ocho d\u00edas, y primero habr\u00eda consenso y se elaborar\u00eda una convocatoria, la cual se enviar\u00eda a M\u00e9xico, para que el CEN la validara o sea C\u00e9sar Camacho Quir\u00f3z y posteriormente, se realizar\u00eda el relevo de Oswaldo Fern\u00e1ndez.<\/p>\n<p>2 HOMBRES 1 MUJER: DIEGO, JAIME Y MARTA PATRICIA<\/p>\n<p>Las mujeres integrantes \u00a0del ONMPRI, desde hace varios d\u00edas andan inquietas, primero se manifestaron en que la secretar\u00eda general del PRI,\u00a0 deber\u00eda ser ocupada por una mujer, porque tem\u00edan que arribara una f\u00e9mina, con poca identificaci\u00f3n con las estructuras del PRI, pero ayer nuevamente se reunieron, y decidieron ir de una vez por la dirigencia, ya que como les hemos comentado en varias ocasiones, si las mujeres no fueran tan individualistas, tendr\u00edan el control de la mayor\u00eda de las estructuras del PRI, porque son mayor\u00eda, porque son participativas, combativas y entusiastas mientras que los hombres,\u00a0 carecen de esto lo que pasa es que se unen para sus prop\u00f3sitos, y las mujeres dif\u00edcilmente.<\/p>\n<p>Por su parte proponen a Martha Patricia Medina Garibay, y por primera vez las vemos decididas, y es que no pierden nada al ir por la dirigencia, total en el peor de los casos, se quedar\u00edan efectivamente con la secretaria general, pero se habr\u00e1n medido las fuerzas, as\u00ed que solamente habr\u00e1n de esperar la publicaci\u00f3n de la convocatoria respectiva, para poder planear su participaci\u00f3n.<\/p>\n<p>PARECE QUE LAS AGUAS VOLVIERON A SU NIVEL<\/p>\n<p>Efectivamente nada es para siempre, ni las molestias ni los corajes, porque parece que el grupo de Jes\u00fas Reyna, que en realidad es de Ausencio Ch\u00e1vez Hern\u00e1ndez, ha logrado recomponer un poco la situaci\u00f3n y es que nuevamente, Jaime Mares vuelve a integrar la terna para el PRI estatal, junto con Diego Romero y Martha Patricia Medina, y es que debemos recordar que a final de cuentas, Ausencio sigue siendo el jefe y \u00e9l est\u00e1, con Emilio Chuayfeet jefe de un grupo pol\u00edtico importante al interior del Gobierno federal, ya quien manda en el PRI es C\u00e9sar Camacho Quiroz, quien sustituy\u00f3 a Emilio, cuando Zedillo lo mand\u00f3 llamar para la titularidad de la Secretar\u00eda de Gobernaci\u00f3n. As\u00ed que no crea que el grupo de Ausencio y Reyna, est\u00e1 descartado, desde luego que no.<\/p>\n<p>SIGUEN MANEJANDO MAS NOMBRES PARA APATZINGAN<\/p>\n<p>Ya le hemos comentado los nombres, que se han manejado en Apatzing\u00e1n para sustituir, a Uriel Ch\u00e1vez en la presidencia, ahora corresponde a H\u00e9ctor Manuel C\u00e9spedes Rodr\u00edguez, conocido comunicador y pol\u00edtico, quien de pronto ha empezado a comentarse insistentemente en esta ciudad, porque han rele\u00eddo su trayectoria y la verdad es impresionante, entre los diversos puestos que ha ocupado, destaca el de \u00a0presidente del comit\u00e9 municipal del PRI, dirigente del FJR, secretario de acci\u00f3n juvenil, cuando Maricruz Campos era priista, ha coordinado varias campa\u00f1as, ha sido regidor, tesorero municipal, s\u00edndico suplente y secretario particular de Jaime Calleja,\u00a0 o sea nada de la actividad municipal le es desconocida.<\/p>\n<p>LA ENCUESTADORA DE CORDERO LE DA LA ESPALDA<\/p>\n<p>Este hecho ha causado muchos comentarios, resulta que la encuestadora Covarrubias y Asociados, siempre estuvo levantando encuestas, durante la campa\u00f1a para la dirigencia nacional del PAN, y en todas siempre le concedi\u00f3 una buena delantera a Cordero, la cuesti\u00f3n es que la \u00faltima encuesta dada a conocer por esta empresa, deja a un lado a Cordero y se\u00f1ala a unos d\u00edas de la elecci\u00f3n, que Madero aventaja a Cordero con 8 puntos.<\/p>\n<p>En los \u00faltimos\u00a0 d\u00edas de abril esta empresa, dio a conocer su encuesta y le conced\u00eda a Cordero, una ventaja de 13 puntos\u00a0 sobre Madero, pero \u00a0fue constante en la campa\u00f1a, por eso es que llam\u00f3 poderosamente la atenci\u00f3n, que en la \u00faltima entrega Covarrubias y Asociados, le concediera a Madero, 8 puntos de ventaja, y es que \u00faltimamente se lleg\u00f3 a pensar, que la pelea por la dirigencia nacional del PAN, estar\u00eda cerrada pero parece que finalmente la situaci\u00f3n se ha decantado por Madero.<\/p>\n<p>ARMANDO MEDINA, DEJA BUEN TRABAJO EN GOBIERNO<\/p>\n<p>Despu\u00e9s de considerar que su ciclo, en esta administraci\u00f3n estatal, ha concluido el director de relaciones con organizaciones, ayer le present\u00f3 al Ejecutivo Estatal, un informe detallado de sus acciones y a la vez una\u00a0 carta con su renuncia, falta que Fausto Vallejo la acepte, durante su estancia en esa dependencia, Armando Medina realiz\u00f3 un buen trabajo, ante lo cual se disminuyeron las protestas, en las calles y plazas tanto en esta ciudad, como en el interior del estado, destacan dos foros realizados en Zamora y Uruapan, donde se dieron a conocer a integrantes de organismos sociales, los beneficios tanto de las dependencias estatales como federal.<\/p>\n<p>EL HOMENAJE A FAUSTO ES MERECIDO<\/p>\n<p>Ayer se dio a conocer oficialmente, que el domingo aniversario de la fundaci\u00f3n de Valladolid hoy Morelia, por la noche habr\u00e1 un concierto, con la orquesta de alientos de la Secretaria de Marina, donde se le entregar\u00e1 un reconocimiento al gobernador Fausto Vallejo, en esencia creemos que el gobernador se merece este reconocimiento, porque se lo hace la autoridad municipal, como presidente municipal de Morelia, Fausto tiene una trayectoria brillante por lo general, y es que encontr\u00f3 este reconocimiento un peque\u00f1o descontento, por parte de cuatro regidores de doce, los cuales seguramente esperaban \u00bfpago por evento?.<\/p>\n<p>LA PRESEA MORELOS A JUAN TORRES Y AL BUKI<\/p>\n<p>Definitivamente algunos morelianos andan muy sensibles, no les gust\u00f3 que el Cabildo moreliano, le haya concedido la presea Morelos, a dos personajes uno de las artes y la cultura, como es el maestro Juan Torres, y al cantante-compositor Marco Antonio Sol\u00eds, mejor conocido como el Buki, el maestro Torres es moreliano de pura cepa, originario del tradicional barrio de San Juan, mientras que Marco Antonio naci\u00f3 en Ario de Rosales y los vimos por primera vez, en los eventos del aniversario del Tribunal de Justicia creado por Morelos en esa ciudad. Hay un antecedente, se la entregaron en una ocasi\u00f3n a Cantinflas, as\u00ed que \u00bfporqu\u00e9 se extra\u00f1an?.<\/p>\n<p>\u00bfOTRO OLVIDO? A MARCOS VINICIO LO MENOSPRECIARON<\/p>\n<p>Aunque ya no buscamos comentarle nada sobre el Comisionado Federal, porque tememos que\u00a0 lleguen a pensar, que lo hacemos solamente por sistema, resulta que en la toma de protesta del presidente del Consejo Coordinador Empresarial, \u00a0a don Arcadio M\u00e9ndez y a su comit\u00e9, inicialmente no ubicaron al represente del gobernador, en el pres\u00eddium lo tuvieron la mayor parte de la ceremonia abajo, es m\u00e1s ni lo hab\u00edan mencionado, y la verdad no era en ese momento Marcos Vinicio Secretario de Gobierno, sino el representante del mandatario estatal.<\/p>\n","protected":false},"excerpt":{"rendered":"<p>\u2022\tEL HOMENAJE A FAUSTO<br \/>\n\u2022\tJUAN TORRES Y AL BUKI<br \/>\n\u2022\tQUIEN: MADERO-CORDERO<br \/>\n\u2022\tRELEVO PRI POR CONSENSO<\/p>\n","protected":false},"author":1,"featured_media":0,"comment_status":"open","ping_status":"open","sticky":false,"template":"","format":"standard","meta":{"footnotes":""},"categories":[4,10],"tags":[],"class_list":["post-7057","post","type-post","status-publish","format-standard","hentry","category-columnistas","category-juan-manuel-belmonte"],"_links":{"self":[{"href":"https:\/\/radiowebmx.com\/nota\/wp-json\/wp\/v2\/posts\/7057","targetHints":{"allow":["GET"]}}],"collection":[{"href":"https:\/\/radiowebmx.com\/nota\/wp-json\/wp\/v2\/posts"}],"about":[{"href":"https:\/\/radiowebmx.com\/nota\/wp-json\/wp\/v2\/types\/post"}],"author":[{"embeddable":true,"href":"https:\/\/radiowebmx.com\/nota\/wp-json\/wp\/v2\/users\/1"}],"replies":[{"embeddable":true,"href":"https:\/\/radiowebmx.com\/nota\/wp-json\/wp\/v2\/comments?post=7057"}],"version-history":[{"count":2,"href":"https:\/\/radiowebmx.com\/nota\/wp-json\/wp\/v2\/posts\/7057\/revisions"}],"predecessor-version":[{"id":7059,"href":"https:\/\/radiowebmx.com\/nota\/wp-json\/wp\/v2\/posts\/7057\/revisions\/7059"}],"wp:attachment":[{"href":"https:\/\/radiowebmx.com\/nota\/wp-json\/wp\/v2\/media?parent=7057"}],"wp:term":[{"taxonomy":"category","embeddable":true,"href":"https:\/\/radiowebmx.com\/nota\/wp-json\/wp\/v2\/categories?post=7057"},{"taxonomy":"post_tag","embeddable":true,"href":"https:\/\/radiowebmx.com\/nota\/wp-json\/wp\/v2\/tags?post=7057"}],"curies":[{"name":"wp","href":"https:\/\/api.w.org\/{rel}","templated":true}]}}