{"id":70491,"date":"2022-01-30T21:01:54","date_gmt":"2022-01-31T03:01:54","guid":{"rendered":"https:\/\/radiowebmx.com\/nota\/?p=70491"},"modified":"2022-01-30T21:01:55","modified_gmt":"2022-01-31T03:01:55","slug":"llama-bedolla-a-unidad-de-gobiernos-para-impulsar-el-desarrollo-economico-y-social-en-region-tepalcatepec","status":"publish","type":"post","link":"https:\/\/radiowebmx.com\/nota\/llama-bedolla-a-unidad-de-gobiernos-para-impulsar-el-desarrollo-economico-y-social-en-region-tepalcatepec\/","title":{"rendered":"Llama Bedolla a unidad de gobiernos para impulsar el desarrollo econ\u00f3mico y social en regi\u00f3n Tepalcatepec"},"content":{"rendered":"\n<p>   Aquila, Michoac\u00e1n, 30 de enero del 2022.- En un esfuerzo conjunto con autoridades de todos los niveles de gobierno, se detona el desarrollo econ\u00f3mico y social de la regi\u00f3n de Tierra Caliente, lo que ser\u00e1 fundamental para alcanzar la estabilidad y construcci\u00f3n de un estado de paz en Michoac\u00e1n, asegur\u00f3 el gobernador, Alfredo Ram\u00edrez Bedolla.<\/p>\n\n\n\n<p>   \u201cPara que recuperemos la tranquilidad y comience el desarrollo de nuestros municipios, lo mejor es que lleguen primero los apoyos y para eso, un servidor trabaja en armon\u00eda con todos, sin distingos de color partidario, ni dados cargados en el presupuesto, al contrario, trabajamos con el presidente Andr\u00e9s Manuel L\u00f3pez Obrador, con quien tengo una excelente relaci\u00f3n y eso ayuda para que gestionemos en favor de Michoac\u00e1n\u201d, afirm\u00f3.<\/p>\n\n\n\n<p>    Muestra de ello, agreg\u00f3, es la ampliaci\u00f3n del programa federal \u201cSembrando Vida\u201d que ayer arranc\u00f3 en Aquila para beneficiar a la poblaci\u00f3n de ese municipio y de Coahuayana, pero se trabajar\u00e1 para que todas las demarcaciones cuenten con este beneficio.<\/p>\n\n\n\n<p>    Aclar\u00f3 que si bien, en este momento el \u00fanico municipio preseleccionado para acceder al Fortapaz es Coalcom\u00e1n, record\u00f3 que a\u00fan quedan recursos para otros que desean fortalecer la seguridad p\u00fablica.<\/p>\n\n\n\n<p>    Finalmente, destac\u00f3 el trabajo interinstitucional con las y los gobernadores de estados vecinos de Michoac\u00e1n, con quienes se han estrechado lazos en materia de seguridad, como es el caso de Jalisco y en el caso de Colima, donde se tuvo una reuni\u00f3n para establecer una ruta de trabajo conjunto para impulsar el comercio y colaboraci\u00f3n en programas sociales.<\/p>\n","protected":false},"excerpt":{"rendered":"<p>Aquila, Michoac\u00e1n, 30 de enero del 2022.- En un esfuerzo conjunto con autoridades de todos los niveles de gobierno, se detona el desarrollo econ\u00f3mico y social de la regi\u00f3n de Tierra Caliente, lo que ser\u00e1 fundamental para alcanzar la estabilidad y construcci\u00f3n de un estado de paz en Michoac\u00e1n, asegur\u00f3 el gobernador, Alfredo Ram\u00edrez Bedolla. [&hellip;]<\/p>\n","protected":false},"author":2,"featured_media":70492,"comment_status":"closed","ping_status":"closed","sticky":false,"template":"","format":"standard","meta":{"footnotes":""},"categories":[1],"tags":[],"class_list":["post-70491","post","type-post","status-publish","format-standard","has-post-thumbnail","hentry","category-sin-categoria"],"_links":{"self":[{"href":"https:\/\/radiowebmx.com\/nota\/wp-json\/wp\/v2\/posts\/70491","targetHints":{"allow":["GET"]}}],"collection":[{"href":"https:\/\/radiowebmx.com\/nota\/wp-json\/wp\/v2\/posts"}],"about":[{"href":"https:\/\/radiowebmx.com\/nota\/wp-json\/wp\/v2\/types\/post"}],"author":[{"embeddable":true,"href":"https:\/\/radiowebmx.com\/nota\/wp-json\/wp\/v2\/users\/2"}],"replies":[{"embeddable":true,"href":"https:\/\/radiowebmx.com\/nota\/wp-json\/wp\/v2\/comments?post=70491"}],"version-history":[{"count":1,"href":"https:\/\/radiowebmx.com\/nota\/wp-json\/wp\/v2\/posts\/70491\/revisions"}],"predecessor-version":[{"id":70493,"href":"https:\/\/radiowebmx.com\/nota\/wp-json\/wp\/v2\/posts\/70491\/revisions\/70493"}],"wp:featuredmedia":[{"embeddable":true,"href":"https:\/\/radiowebmx.com\/nota\/wp-json\/wp\/v2\/media\/70492"}],"wp:attachment":[{"href":"https:\/\/radiowebmx.com\/nota\/wp-json\/wp\/v2\/media?parent=70491"}],"wp:term":[{"taxonomy":"category","embeddable":true,"href":"https:\/\/radiowebmx.com\/nota\/wp-json\/wp\/v2\/categories?post=70491"},{"taxonomy":"post_tag","embeddable":true,"href":"https:\/\/radiowebmx.com\/nota\/wp-json\/wp\/v2\/tags?post=70491"}],"curies":[{"name":"wp","href":"https:\/\/api.w.org\/{rel}","templated":true}]}}