{"id":70488,"date":"2022-01-30T20:42:49","date_gmt":"2022-01-31T02:42:49","guid":{"rendered":"https:\/\/radiowebmx.com\/nota\/?p=70488"},"modified":"2022-01-30T20:42:51","modified_gmt":"2022-01-31T02:42:51","slug":"sintomas-de-la-subvariante-ba-2-del-omicron","status":"publish","type":"post","link":"https:\/\/radiowebmx.com\/nota\/sintomas-de-la-subvariante-ba-2-del-omicron\/","title":{"rendered":"S\u00edntomas de la subvariante BA.2 del Omicron"},"content":{"rendered":"\n<p>    \u00d3micron: estos son los s\u00edntomas de la subvariante BA.2 Tal y como ocurri\u00f3 con\u00a0<a rel=\"noreferrer noopener\" href=\"https:\/\/www.eluniversal.com.mx\/\" target=\"_blank\">\u00f3micron<\/a>, la aparici\u00f3n reciente de la\u00a0<a rel=\"noreferrer noopener\" href=\"https:\/\/www.eluniversal.com.mx\/minuto-x-minuto\" target=\"_blank\">subvariante BA.2<\/a>\u00a0est\u00e1 rodeada de incertidumbres, pues a pesar que ya representa m\u00e1s del 50% de los casos activos de\u00a0<strong>Covid-19<\/strong>\u00a0en Estados Unidos, se requiere de m\u00e1s tiempo para estudiar y conocer sus propiedades y los efectos que podr\u00eda causar en la poblaci\u00f3n. Sin embargo, luego de analizar el estado de las personas que ya la han contra\u00eddo, las expertas y los expertos sugieren algunos de los\u00a0<a rel=\"noreferrer noopener\" href=\"https:\/\/www.eluniversal.com.mx\/ciencia-y-salud\" target=\"_blank\">s\u00edntomas<\/a>\u00a0que indicar\u00edan que has contra\u00eddo esta nueva variante.\u00a0<\/p>\n\n\n\n<p>      Si bien, en varias regiones del mundo la incidencia por \u00f3micron va en detrimento, los contagios de su subvariante, tambi\u00e9n conocida como la &#8220;<strong>variante furtiva<\/strong>&#8220;, ya que pareciera que es m\u00e1s d\u00edficil de diagnosticar, van a la alza. Es por ello que se ha considerado que es tan transmisible como su versi\u00f3n original, pero lo que todav\u00eda no est\u00e1 claro es generar\u00eda riesgos adicionales a los vistos durante esta \u00faltima ola de contagios.\u00a0<\/p>\n\n\n\n<p>     De acuerdo con el Statens Serum Institute, en Dinamarca, otra de las regiones en las que\u00a0BA.2 se ha convertido en la variante dominante, esta forma del coronavirus &#8220;no parece ser motivo de alarma adicional por ahora&#8221;. En cambio, el personal sanitario de este centro m\u00e9dico destac\u00f3 que pese a que es muy contagiosa, no genera una infecci\u00f3n por Covid-19 grave y, adem\u00e1s, no escapa a la respuesta inmune de las\u00a0<strong>vacunas<\/strong>, por lo que los preparados antiCovid siguen siendo efectivos y no tienen por qu\u00e9 modificarse.\u00a0<\/p>\n\n\n\n<p>     &#8220;Por el momento, lo que sabemos sobre BA.2. es que es bastante contagiosa, parece que no produce una enfermedad m\u00e1s grave y que nuestras vacunas actuales seguir\u00e1n brindando protecci\u00f3n contra la enfermedad grave y la hospitalizaci\u00f3n&#8221;, dijo William Schaffner, especialista de la Universidad de Vanderbilt, en Estados Unidos.\u00a0<\/p>\n\n\n\n<h2 class=\"wp-block-heading\">Vacunas protegen &#8220;ligeramente mejor&#8221; contra BA.2 que contra \u00f3micron<\/h2>\n\n\n\n<p>     En consonancia con las declaraciones del experto en enfermedades infecciosas, un\u00a0informe de la Agencia de Seguridad Sanitaria del Reino Unido -publicado el pasado jueves 27 de enero- indica que la efectividad de las vacunas es igual a la que ofrecida frente a \u00f3micron y m\u00e1s eficaz en cuanto la prevenci\u00f3n de sintomatolog\u00eda, lo que quiere decir que, \u00f3micron cauar\u00eda m\u00e1s molestias, en quienes la contraen, que la propia\u00a0BA.2.\u00a0<\/p>\n\n\n\n<h2 class=\"wp-block-heading\">A prop\u00f3sito de sintomatolog\u00eda<\/h2>\n\n\n\n<p>    A prop\u00f3sito de sintomatolog\u00eda, hasta la fecha se cree que BA.2 produce los mismos sintomas generados por \u00f3micron como son fiebre, tos, fatiga extrema, taquicardia, dolor de cabeza, garganta, y muscular, y en algunos casos, n\u00e1useas, v\u00f3mito o diarrea.\u00a0<\/p>\n\n\n\n<p>      Las recomendaciones m\u00e1s recientes, en torno a la subvariante, es mantenerse alerta de los s\u00edntomas que podr\u00edan manifestarse y aislarle, de forma inmediata, de presentar uno o m\u00e1s, ya que BA.2 carece del gen &#8220;S&#8221;, a trav\u00e9s del que las pruebas PCR rastrean la presencia del SARS-CoV-2 en el cuerpo humano. Por ello, es imprescindible evitar el contagio, pues al tratar de identificar si se contrajo la enfermedad podr\u00edan producirse falsos negativos y, por ende, propiciar brotes en las \u00e1reas donde nos desarrollamos; la casa, escuela o trabajo.\u00a0<\/p>\n","protected":false},"excerpt":{"rendered":"<p>\u00d3micron: estos son los s\u00edntomas de la subvariante BA.2 Tal y como ocurri\u00f3 con\u00a0\u00f3micron, la aparici\u00f3n reciente de la\u00a0subvariante BA.2\u00a0est\u00e1 rodeada de incertidumbres, pues a pesar que ya representa m\u00e1s del 50% de los casos activos de\u00a0Covid-19\u00a0en Estados Unidos, se requiere de m\u00e1s tiempo para estudiar y conocer sus propiedades y los efectos que podr\u00eda [&hellip;]<\/p>\n","protected":false},"author":2,"featured_media":70489,"comment_status":"closed","ping_status":"closed","sticky":false,"template":"","format":"standard","meta":{"footnotes":""},"categories":[1],"tags":[],"class_list":["post-70488","post","type-post","status-publish","format-standard","has-post-thumbnail","hentry","category-sin-categoria"],"_links":{"self":[{"href":"https:\/\/radiowebmx.com\/nota\/wp-json\/wp\/v2\/posts\/70488","targetHints":{"allow":["GET"]}}],"collection":[{"href":"https:\/\/radiowebmx.com\/nota\/wp-json\/wp\/v2\/posts"}],"about":[{"href":"https:\/\/radiowebmx.com\/nota\/wp-json\/wp\/v2\/types\/post"}],"author":[{"embeddable":true,"href":"https:\/\/radiowebmx.com\/nota\/wp-json\/wp\/v2\/users\/2"}],"replies":[{"embeddable":true,"href":"https:\/\/radiowebmx.com\/nota\/wp-json\/wp\/v2\/comments?post=70488"}],"version-history":[{"count":1,"href":"https:\/\/radiowebmx.com\/nota\/wp-json\/wp\/v2\/posts\/70488\/revisions"}],"predecessor-version":[{"id":70490,"href":"https:\/\/radiowebmx.com\/nota\/wp-json\/wp\/v2\/posts\/70488\/revisions\/70490"}],"wp:featuredmedia":[{"embeddable":true,"href":"https:\/\/radiowebmx.com\/nota\/wp-json\/wp\/v2\/media\/70489"}],"wp:attachment":[{"href":"https:\/\/radiowebmx.com\/nota\/wp-json\/wp\/v2\/media?parent=70488"}],"wp:term":[{"taxonomy":"category","embeddable":true,"href":"https:\/\/radiowebmx.com\/nota\/wp-json\/wp\/v2\/categories?post=70488"},{"taxonomy":"post_tag","embeddable":true,"href":"https:\/\/radiowebmx.com\/nota\/wp-json\/wp\/v2\/tags?post=70488"}],"curies":[{"name":"wp","href":"https:\/\/api.w.org\/{rel}","templated":true}]}}