{"id":70460,"date":"2021-09-22T13:18:58","date_gmt":"2021-09-22T18:18:58","guid":{"rendered":"https:\/\/radiowebmx.com\/nota\/?p=70460"},"modified":"2021-09-22T13:19:00","modified_gmt":"2021-09-22T18:19:00","slug":"rosa-icela-dice-que-si-funciona-estrategia-vs-el-crimen-reconoce-retos-por-homicidios-dolosos-y-feminicidios","status":"publish","type":"post","link":"https:\/\/radiowebmx.com\/nota\/rosa-icela-dice-que-si-funciona-estrategia-vs-el-crimen-reconoce-retos-por-homicidios-dolosos-y-feminicidios\/","title":{"rendered":"Rosa Icela dice que s\u00ed funciona estrategia vs. el crimen; reconoce retos por homicidios dolosos y feminicidios"},"content":{"rendered":"\n<p class=\"has-text-align-center\"><strong>La titular de la SSPC compareci\u00f3 ante el Senado a la cual acudieron los titulares de la Sedena, Luis Cresencio Sandoval; de la Semar, Rafael Ojeda Dur\u00e1n; y de la Guardia Nacional, Luis Rodr\u00edguez Bucio.<\/strong><\/p>\n\n\n\n<p>      Rosa Icela Rodr\u00edguez, secretaria de Seguridad y Protecci\u00f3n Ciudadana, comparece ante el Senado en el marco de la Glosa del Tercer Informe de Gobierno del presidente Andr\u00e9s Manuel L\u00f3pez Obrador. Durante su intervenci\u00f3n, la funcionaria federal apunt\u00f3 que si funciona la estrategia implementada por el Gobierno de M\u00e9xico para combatir el crimen, pero reconoci\u00f3 que hay dos retos principales: los homicidios dolosos y los feminicidios que no han podido disminuir.<\/p>\n\n\n\n<p>     Homicidios. Ante el Senado, la funcionaria expres\u00f3 tambi\u00e9n que la dependencia a su cargo logr\u00f3 contener a finales de 2020 los homicidios dolosos y agreg\u00f3 que no ha incrementado.<\/p>\n\n\n\n<p>Sin embargo reconoci\u00f3 que es uno de los dos principales retos que tiene su administraci\u00f3n, junto con el de los feminicidios, los cuales no han podido disminuir.<\/p>\n\n\n\n<p>       \u00abQuiero dedicar hasta la \u00faltima de mis fuerzas para atender el tema de la seguridad del pa\u00eds\u00bb, apunt\u00f3.<\/p>\n\n\n\n<p>     Desde el Pleno del Senado de la Rep\u00fablica, Rosa Icela Rodr\u00edguez apunt\u00f3 que se han bloqueado 41 mil cuentas vinculadas a operaciones il\u00edcitas por m\u00e1s de 14 mil millones de pesos relacionadas a la delincuencia organizada y delincuencia de cuello blanco.<\/p>\n\n\n\n<p>      Sobre las cuentas vinculadas a la delincuencia organizada apunt\u00f3 que el 50% de este delito, se concentra en seis estados: Guanajuato, Baja California, Michoac\u00e1n, Jalisco, Estado de M\u00e9xico y Chihuahua.<\/p>\n\n\n\n<p>      Asimismo sostuvo que como titular de la SSPC \u00abno politizo la administraci\u00f3n, mi objetivo es servir con honestidad\u2026 No venimos a ganar una guerra, venimos a ganar la paz\u00bb.<\/p>\n\n\n\n<p>      De manera in\u00e9dita, a la comparecencia acudieron los titulares de las Secretar\u00edas de la Defensa Nacional (Sedena), Luis Cresencio Sandoval, y de la Marina (Semar), Rafael Ojeda Dur\u00e1n; adem\u00e1s del comandante de la Guardia Nacional, Luis Rodr\u00edguez Bucio.<\/p>\n","protected":false},"excerpt":{"rendered":"<p>La titular de la SSPC compareci\u00f3 ante el Senado a la cual acudieron los titulares de la Sedena, Luis Cresencio Sandoval; de la Semar, Rafael Ojeda Dur\u00e1n; y de la Guardia Nacional, Luis Rodr\u00edguez Bucio. Rosa Icela Rodr\u00edguez, secretaria de Seguridad y Protecci\u00f3n Ciudadana, comparece ante el Senado en el marco de la Glosa del [&hellip;]<\/p>\n","protected":false},"author":2,"featured_media":0,"comment_status":"closed","ping_status":"closed","sticky":false,"template":"","format":"standard","meta":{"footnotes":""},"categories":[1],"tags":[],"class_list":["post-70460","post","type-post","status-publish","format-standard","hentry","category-sin-categoria"],"_links":{"self":[{"href":"https:\/\/radiowebmx.com\/nota\/wp-json\/wp\/v2\/posts\/70460","targetHints":{"allow":["GET"]}}],"collection":[{"href":"https:\/\/radiowebmx.com\/nota\/wp-json\/wp\/v2\/posts"}],"about":[{"href":"https:\/\/radiowebmx.com\/nota\/wp-json\/wp\/v2\/types\/post"}],"author":[{"embeddable":true,"href":"https:\/\/radiowebmx.com\/nota\/wp-json\/wp\/v2\/users\/2"}],"replies":[{"embeddable":true,"href":"https:\/\/radiowebmx.com\/nota\/wp-json\/wp\/v2\/comments?post=70460"}],"version-history":[{"count":1,"href":"https:\/\/radiowebmx.com\/nota\/wp-json\/wp\/v2\/posts\/70460\/revisions"}],"predecessor-version":[{"id":70462,"href":"https:\/\/radiowebmx.com\/nota\/wp-json\/wp\/v2\/posts\/70460\/revisions\/70462"}],"wp:attachment":[{"href":"https:\/\/radiowebmx.com\/nota\/wp-json\/wp\/v2\/media?parent=70460"}],"wp:term":[{"taxonomy":"category","embeddable":true,"href":"https:\/\/radiowebmx.com\/nota\/wp-json\/wp\/v2\/categories?post=70460"},{"taxonomy":"post_tag","embeddable":true,"href":"https:\/\/radiowebmx.com\/nota\/wp-json\/wp\/v2\/tags?post=70460"}],"curies":[{"name":"wp","href":"https:\/\/api.w.org\/{rel}","templated":true}]}}