{"id":70444,"date":"2021-09-10T19:31:16","date_gmt":"2021-09-11T00:31:16","guid":{"rendered":"https:\/\/radiowebmx.com\/nota\/?p=70444"},"modified":"2021-09-10T19:31:17","modified_gmt":"2021-09-11T00:31:17","slug":"equipo-legislativo-por-michoacan-suma-a-los-diputados-federales","status":"publish","type":"post","link":"https:\/\/radiowebmx.com\/nota\/equipo-legislativo-por-michoacan-suma-a-los-diputados-federales\/","title":{"rendered":"Equipo Legislativo por Michoac\u00e1n suma a los Diputados Federales"},"content":{"rendered":"\n<p class=\"has-text-align-center\"><strong>*El proyecto legislativo que encabeza Carlos Herrera Tello contiene proyectos de soluci\u00f3n a\u00a0 las demandas de los michoacanos<\/strong><\/p>\n\n\n\n<p>         Morelia, Michoac\u00e1n, a 10 de septiembre de 2021.- Definir una ruta legislativa en alianza para lograr que se materialicen los anhelos que tiene nuestra gente es el objetivo de avanzar unidos y en equipo, asegur\u00f3 Carlos Herrera Tello.<\/p>\n\n\n\n<p>        Fue en la reuni\u00f3n que sostuvo con diputados federales donde present\u00f3 el documento que contiene las\u00a0 demandas que fueron recogidas por Herrera Tello en el periodo de campa\u00f1a y que posteriormente fueron trasformadas en 7 ejes transversales de acci\u00f3n.<\/p>\n\n\n\n<p>         En su mensaje, Carlos Herrera llam\u00f3 a las y los diputados federales a estar unidos y demostrar el trabajo y compromiso que los hizo obtener la victoria y convertirse en voceros de sus distritos.<\/p>\n\n\n\n<p>       &#8220;El mejor camino es el de la paz y la unidad, necesitamos nuevos pactos y que siga vigente este proyecto que inici\u00f3 con un solo fin: ayudar a nuestra gente&#8221;, extern\u00f3 el zitacuarense.<\/p>\n\n\n\n<p>       Al respecto, los diputados federales se comprometieron a buscar la reactivaci\u00f3n de recursos para los municipios y el estado desde el Congreso de la Uni\u00f3n, y con ello coordinar con los Diputados Locales del Equipo por Michoac\u00e1n el destino de dichos recursos.<\/p>\n","protected":false},"excerpt":{"rendered":"<p>*El proyecto legislativo que encabeza Carlos Herrera Tello contiene proyectos de soluci\u00f3n a\u00a0 las demandas de los michoacanos Morelia, Michoac\u00e1n, a 10 de septiembre de 2021.- Definir una ruta legislativa en alianza para lograr que se materialicen los anhelos que tiene nuestra gente es el objetivo de avanzar unidos y en equipo, asegur\u00f3 Carlos Herrera [&hellip;]<\/p>\n","protected":false},"author":2,"featured_media":0,"comment_status":"closed","ping_status":"closed","sticky":false,"template":"","format":"standard","meta":{"footnotes":""},"categories":[1],"tags":[],"class_list":["post-70444","post","type-post","status-publish","format-standard","hentry","category-sin-categoria"],"_links":{"self":[{"href":"https:\/\/radiowebmx.com\/nota\/wp-json\/wp\/v2\/posts\/70444","targetHints":{"allow":["GET"]}}],"collection":[{"href":"https:\/\/radiowebmx.com\/nota\/wp-json\/wp\/v2\/posts"}],"about":[{"href":"https:\/\/radiowebmx.com\/nota\/wp-json\/wp\/v2\/types\/post"}],"author":[{"embeddable":true,"href":"https:\/\/radiowebmx.com\/nota\/wp-json\/wp\/v2\/users\/2"}],"replies":[{"embeddable":true,"href":"https:\/\/radiowebmx.com\/nota\/wp-json\/wp\/v2\/comments?post=70444"}],"version-history":[{"count":1,"href":"https:\/\/radiowebmx.com\/nota\/wp-json\/wp\/v2\/posts\/70444\/revisions"}],"predecessor-version":[{"id":70446,"href":"https:\/\/radiowebmx.com\/nota\/wp-json\/wp\/v2\/posts\/70444\/revisions\/70446"}],"wp:attachment":[{"href":"https:\/\/radiowebmx.com\/nota\/wp-json\/wp\/v2\/media?parent=70444"}],"wp:term":[{"taxonomy":"category","embeddable":true,"href":"https:\/\/radiowebmx.com\/nota\/wp-json\/wp\/v2\/categories?post=70444"},{"taxonomy":"post_tag","embeddable":true,"href":"https:\/\/radiowebmx.com\/nota\/wp-json\/wp\/v2\/tags?post=70444"}],"curies":[{"name":"wp","href":"https:\/\/api.w.org\/{rel}","templated":true}]}}