{"id":70428,"date":"2021-09-10T19:06:38","date_gmt":"2021-09-11T00:06:38","guid":{"rendered":"https:\/\/radiowebmx.com\/nota\/?p=70428"},"modified":"2021-09-10T19:06:40","modified_gmt":"2021-09-11T00:06:40","slug":"recupera-alfonso-martinez-areas-verdes-y-reconstruye-vialidad-en-boulevard-garcia-de-leon","status":"publish","type":"post","link":"https:\/\/radiowebmx.com\/nota\/recupera-alfonso-martinez-areas-verdes-y-reconstruye-vialidad-en-boulevard-garcia-de-leon\/","title":{"rendered":"Recupera Alfonso Mart\u00ednez \u00e1reas verdes y reconstruye vialidad en Boulevard Garc\u00eda de Le\u00f3n"},"content":{"rendered":"\n<p class=\"has-text-align-center\"><strong>*Se emprendi\u00f3 una jornada de limpieza y bacheo.<\/strong><\/p>\n\n\n\n<p>     Morelia, Michoac\u00e1n., 8 de septiembre de 2021.- El mejoramiento de espacios p\u00fablicos para devolver el brillo a Morelia, avanza desde el primer d\u00eda de Gobierno, ya que por instrucciones del alcalde, Alfonso Mart\u00ednez Alc\u00e1zar, las diferentes \u00e1reas operativas trabajan para recuperar \u00e1reas verdes, infraestructura y vialidades da\u00f1adas.<\/p>\n\n\n\n<p>     De esta forma, la ma\u00f1ana de este mi\u00e9rcoles el presidente municipal, acompa\u00f1ado por el secretario de Servicios P\u00fablicos Municipales, Netzahualc\u00f3yotl V\u00e1zquez Vargas, el secretario de Urbanismo y Obras P\u00fablicas, Juan Fernando Sosa Tapia, personal del departamento de Parques y Jard\u00ednes y OOAPAS, se trasladaron al Boulevard Garc\u00eda de Le\u00f3n, en donde arranc\u00f3 una jornada de limpieza y bacheo.<\/p>\n\n\n\n<p>     En ese lugar, Alfonso Mart\u00ednez constat\u00f3 el abandono en el que se encontraba el camell\u00f3n y las condiciones de esta importante vialidad, por lo que instruy\u00f3 la poda inmediata de pasto, retiro de basura y desrame de \u00e1rboles.<\/p>\n\n\n\n<p>      Asimismo, se limpiaron las alcantarillas que se encontraban llenas de basura arrojada por automovilistas y peatones, y tambi\u00e9n se bachearon varios puntos en el tramo de Ventura Puente hasta el Boulevar Arriaga Rivera.<\/p>\n\n\n\n<p>     Alfonso Mart\u00ednez destac\u00f3 que el mejoramiento de espacios p\u00fablicos continuar\u00e1 para que Morelia recupere su brillo y los morelianos puedan disfrutar de \u00e1reas verdes y vialidades seguras y limpias.<\/p>\n","protected":false},"excerpt":{"rendered":"<p>*Se emprendi\u00f3 una jornada de limpieza y bacheo. Morelia, Michoac\u00e1n., 8 de septiembre de 2021.- El mejoramiento de espacios p\u00fablicos para devolver el brillo a Morelia, avanza desde el primer d\u00eda de Gobierno, ya que por instrucciones del alcalde, Alfonso Mart\u00ednez Alc\u00e1zar, las diferentes \u00e1reas operativas trabajan para recuperar \u00e1reas verdes, infraestructura y vialidades da\u00f1adas. [&hellip;]<\/p>\n","protected":false},"author":2,"featured_media":70429,"comment_status":"closed","ping_status":"closed","sticky":false,"template":"","format":"standard","meta":{"footnotes":""},"categories":[1],"tags":[],"class_list":["post-70428","post","type-post","status-publish","format-standard","has-post-thumbnail","hentry","category-sin-categoria"],"_links":{"self":[{"href":"https:\/\/radiowebmx.com\/nota\/wp-json\/wp\/v2\/posts\/70428","targetHints":{"allow":["GET"]}}],"collection":[{"href":"https:\/\/radiowebmx.com\/nota\/wp-json\/wp\/v2\/posts"}],"about":[{"href":"https:\/\/radiowebmx.com\/nota\/wp-json\/wp\/v2\/types\/post"}],"author":[{"embeddable":true,"href":"https:\/\/radiowebmx.com\/nota\/wp-json\/wp\/v2\/users\/2"}],"replies":[{"embeddable":true,"href":"https:\/\/radiowebmx.com\/nota\/wp-json\/wp\/v2\/comments?post=70428"}],"version-history":[{"count":1,"href":"https:\/\/radiowebmx.com\/nota\/wp-json\/wp\/v2\/posts\/70428\/revisions"}],"predecessor-version":[{"id":70430,"href":"https:\/\/radiowebmx.com\/nota\/wp-json\/wp\/v2\/posts\/70428\/revisions\/70430"}],"wp:featuredmedia":[{"embeddable":true,"href":"https:\/\/radiowebmx.com\/nota\/wp-json\/wp\/v2\/media\/70429"}],"wp:attachment":[{"href":"https:\/\/radiowebmx.com\/nota\/wp-json\/wp\/v2\/media?parent=70428"}],"wp:term":[{"taxonomy":"category","embeddable":true,"href":"https:\/\/radiowebmx.com\/nota\/wp-json\/wp\/v2\/categories?post=70428"},{"taxonomy":"post_tag","embeddable":true,"href":"https:\/\/radiowebmx.com\/nota\/wp-json\/wp\/v2\/tags?post=70428"}],"curies":[{"name":"wp","href":"https:\/\/api.w.org\/{rel}","templated":true}]}}