{"id":70422,"date":"2021-09-10T18:57:00","date_gmt":"2021-09-10T23:57:00","guid":{"rendered":"https:\/\/radiowebmx.com\/nota\/?p=70422"},"modified":"2021-09-10T18:57:02","modified_gmt":"2021-09-10T23:57:02","slug":"presentan-proyecto-legislativo-del-equipo-por-michoacan-ejes-de-carlos-herrera-comprenderan-el-proyecto","status":"publish","type":"post","link":"https:\/\/radiowebmx.com\/nota\/presentan-proyecto-legislativo-del-equipo-por-michoacan-ejes-de-carlos-herrera-comprenderan-el-proyecto\/","title":{"rendered":"Presentan proyecto Legislativo del Equipo por Michoac\u00e1n; ejes de Carlos Herrera comprender\u00e1n el proyecto"},"content":{"rendered":"\n<p class=\"has-text-align-center\"><strong>*Los 21 legisladores del Equipo por Michoac\u00e1n construyeron un proyecto basado en los 7 ejes transversales de la campa\u00f1a a Gobernador de Carlos Herrera<\/strong><\/p>\n\n\n\n<p>    Morelia, Michoac\u00e1n, a 08 de septiembre de 2021.- Respetando la paridad de g\u00e9nero y en seguimiento de los siete ejes transversales del proyecto a la Gubernatura de Carlos Herrera Tello, el Equipo por Michoac\u00e1n present\u00f3 al grupo de hombres y mujeres que los representar\u00e1 en la pr\u00f3xima legislatura.<\/p>\n\n\n\n<p>    Fue en la plenaria organizada por el PRI-PAN-PRD donde las y los 21 legisladores adelantaron que su agenda legislativa unir\u00e1 las demandas de las y los michoacanos, las cuales fueron recogidas por el Equipo por Michoac\u00e1n, representado por Carlos Herrera durante la campa\u00f1a a Gobernador.<\/p>\n\n\n\n<p>    &#8220;Con este proyecto de unidad de la llamada triple alianza, se conciliaron los intereses de la ciudadan\u00eda, desde cada una de las ideolog\u00edas de las fuerzas pol\u00edticas que conforman el Equipo por Michoac\u00e1n. Son ustedes ese faro de luz que va a permitir que exista un Equipo por Michoac\u00e1n en 2024, porque separados no lo vamos a lograr&#8221;, extern\u00f3 Herrera.<\/p>\n\n\n\n<p>    En la sesi\u00f3n, los \u00f3rganos directivos del PRI-PAN-PRD dieron respaldo, acogimiento y solidaridad al proyecto de gobernabilidad que plante\u00f3 Herrera Tello, el cual est\u00e1 dividido en siete ejes.<\/p>\n\n\n\n<p>    &#8220;El primero de mis ejes habla de proteger la integridad de las mujeres con el proyecto &#8220;Michoac\u00e1n con ellas&#8221;, el segundo es &#8220;Michoac\u00e1n sano, Michoac\u00e1n fuerte&#8221;, el tercero plantea un proyecto que traiga un &#8220;Un Michoac\u00e1n en paz&#8221;, el cuarto se centra en la educaci\u00f3n con &#8220;Un Michoac\u00e1n preparado, el quinto incentivar\u00e1 las &#8220;Finanzas sanas y un campo pr\u00f3spero para Michoac\u00e1n&#8221; y el \u00faltimo habla sobre el rescate y protecci\u00f3n del medio ambiente&#8221;, explic\u00f3 Herrera Tello.<\/p>\n\n\n\n<p>    Al d\u00eda de hoy el Equipo por Michoac\u00e1n en la pr\u00f3xima legislatura estar\u00e1 representado por 21 michoacanos, 7 hombres y 14 mujeres que fueron electos por miles de ciudadanos y ciudadanas que hoy les dan la mayor\u00eda en el Congreso del Estado.<\/p>\n\n\n\n<p>    &#8220;Este equipo tiene en su interior a hombres y mujeres de diferentes regiones, ocupaciones y partidos pol\u00edticos que sabr\u00e1n responder a la confianza de su pueblo y adem\u00e1s, tienen el conocimiento para lograrlo&#8221;, finaliz\u00f3 el zitacuarense.<\/p>\n","protected":false},"excerpt":{"rendered":"<p>*Los 21 legisladores del Equipo por Michoac\u00e1n construyeron un proyecto basado en los 7 ejes transversales de la campa\u00f1a a Gobernador de Carlos Herrera Morelia, Michoac\u00e1n, a 08 de septiembre de 2021.- Respetando la paridad de g\u00e9nero y en seguimiento de los siete ejes transversales del proyecto a la Gubernatura de Carlos Herrera Tello, el [&hellip;]<\/p>\n","protected":false},"author":2,"featured_media":70423,"comment_status":"closed","ping_status":"closed","sticky":false,"template":"","format":"standard","meta":{"footnotes":""},"categories":[1],"tags":[],"class_list":["post-70422","post","type-post","status-publish","format-standard","has-post-thumbnail","hentry","category-sin-categoria"],"_links":{"self":[{"href":"https:\/\/radiowebmx.com\/nota\/wp-json\/wp\/v2\/posts\/70422","targetHints":{"allow":["GET"]}}],"collection":[{"href":"https:\/\/radiowebmx.com\/nota\/wp-json\/wp\/v2\/posts"}],"about":[{"href":"https:\/\/radiowebmx.com\/nota\/wp-json\/wp\/v2\/types\/post"}],"author":[{"embeddable":true,"href":"https:\/\/radiowebmx.com\/nota\/wp-json\/wp\/v2\/users\/2"}],"replies":[{"embeddable":true,"href":"https:\/\/radiowebmx.com\/nota\/wp-json\/wp\/v2\/comments?post=70422"}],"version-history":[{"count":1,"href":"https:\/\/radiowebmx.com\/nota\/wp-json\/wp\/v2\/posts\/70422\/revisions"}],"predecessor-version":[{"id":70424,"href":"https:\/\/radiowebmx.com\/nota\/wp-json\/wp\/v2\/posts\/70422\/revisions\/70424"}],"wp:featuredmedia":[{"embeddable":true,"href":"https:\/\/radiowebmx.com\/nota\/wp-json\/wp\/v2\/media\/70423"}],"wp:attachment":[{"href":"https:\/\/radiowebmx.com\/nota\/wp-json\/wp\/v2\/media?parent=70422"}],"wp:term":[{"taxonomy":"category","embeddable":true,"href":"https:\/\/radiowebmx.com\/nota\/wp-json\/wp\/v2\/categories?post=70422"},{"taxonomy":"post_tag","embeddable":true,"href":"https:\/\/radiowebmx.com\/nota\/wp-json\/wp\/v2\/tags?post=70422"}],"curies":[{"name":"wp","href":"https:\/\/api.w.org\/{rel}","templated":true}]}}