{"id":70409,"date":"2021-09-08T14:12:46","date_gmt":"2021-09-08T19:12:46","guid":{"rendered":"https:\/\/radiowebmx.com\/nota\/?p=70409"},"modified":"2021-09-08T14:12:48","modified_gmt":"2021-09-08T19:12:48","slug":"arranca-proceso-electoral-en-oaxaca-se-elegira-al-nuevo-gobernador-en-2022","status":"publish","type":"post","link":"https:\/\/radiowebmx.com\/nota\/arranca-proceso-electoral-en-oaxaca-se-elegira-al-nuevo-gobernador-en-2022\/","title":{"rendered":"Arranca proceso electoral en Oaxaca; se elegir\u00e1 al nuevo gobernador en 2022"},"content":{"rendered":"\n<p>    El<strong>\u00a0proceso electoral para elegir al nuevo gobernador en Oaxaca<\/strong>\u00a0inici\u00f3 formalmente este lunes, por lo que el Pleno del Consejo Estatal del Instituto Estatal Electoral y de Participaci\u00f3n Ciudadana del estado(IEEPCO) sesion\u00f3 para arrancar con el proceso que se desarrollar\u00e1 el pr\u00f3ximo 5<strong>\u00a0de junio de 2022.<\/strong><\/p>\n\n\n\n<p>    <strong>\u00bfQu\u00e9 se dijo?<\/strong>\u00a0Por su parte, el presidente del \u00f3rgano electoral, Gustavo Meixueiro N\u00e1jera, declar\u00f3 el inicio formal del proceso electoral ordinario 2021-2022. Indic\u00f3 que en los pr\u00f3ximos meses, el IEEPCO realizar\u00e1 las acciones necesarias para que los oaxaque\u00f1os de los 570 ayuntamientos acudan a ejercer su voto.<\/p>\n\n\n\n<p>    Asimismo, hizo un llamado a los partidos pol\u00edticos, militantes, simpatizantes y candidatos independientes para que se conduzcan con respeto a las instituciones electorales, al marco normativo y al uso de las v\u00edas legales para resolver posibles controversias.<\/p>\n\n\n\n<p>    <strong>Lo \u00faltimo.<\/strong>\u00a0Se\u00f1al\u00f3 que aunque el panorama contin\u00faa siendo complejo ante la pandemia por\u00a0COVID-19, el instituto implementar\u00e1 las medidas correspondientes desarrolladas en 2021, para cuidar la salud de la ciudadan\u00eda, por lo que ya se trabaja en la creaci\u00f3n de nuevas estrategias para asegurar las medidas sanitarias preventivas.<\/p>\n","protected":false},"excerpt":{"rendered":"<p>El\u00a0proceso electoral para elegir al nuevo gobernador en Oaxaca\u00a0inici\u00f3 formalmente este lunes, por lo que el Pleno del Consejo Estatal del Instituto Estatal Electoral y de Participaci\u00f3n Ciudadana del estado(IEEPCO) sesion\u00f3 para arrancar con el proceso que se desarrollar\u00e1 el pr\u00f3ximo 5\u00a0de junio de 2022. \u00bfQu\u00e9 se dijo?\u00a0Por su parte, el presidente del \u00f3rgano electoral, [&hellip;]<\/p>\n","protected":false},"author":2,"featured_media":70410,"comment_status":"closed","ping_status":"closed","sticky":false,"template":"","format":"standard","meta":{"footnotes":""},"categories":[1],"tags":[],"class_list":["post-70409","post","type-post","status-publish","format-standard","has-post-thumbnail","hentry","category-sin-categoria"],"_links":{"self":[{"href":"https:\/\/radiowebmx.com\/nota\/wp-json\/wp\/v2\/posts\/70409","targetHints":{"allow":["GET"]}}],"collection":[{"href":"https:\/\/radiowebmx.com\/nota\/wp-json\/wp\/v2\/posts"}],"about":[{"href":"https:\/\/radiowebmx.com\/nota\/wp-json\/wp\/v2\/types\/post"}],"author":[{"embeddable":true,"href":"https:\/\/radiowebmx.com\/nota\/wp-json\/wp\/v2\/users\/2"}],"replies":[{"embeddable":true,"href":"https:\/\/radiowebmx.com\/nota\/wp-json\/wp\/v2\/comments?post=70409"}],"version-history":[{"count":1,"href":"https:\/\/radiowebmx.com\/nota\/wp-json\/wp\/v2\/posts\/70409\/revisions"}],"predecessor-version":[{"id":70411,"href":"https:\/\/radiowebmx.com\/nota\/wp-json\/wp\/v2\/posts\/70409\/revisions\/70411"}],"wp:featuredmedia":[{"embeddable":true,"href":"https:\/\/radiowebmx.com\/nota\/wp-json\/wp\/v2\/media\/70410"}],"wp:attachment":[{"href":"https:\/\/radiowebmx.com\/nota\/wp-json\/wp\/v2\/media?parent=70409"}],"wp:term":[{"taxonomy":"category","embeddable":true,"href":"https:\/\/radiowebmx.com\/nota\/wp-json\/wp\/v2\/categories?post=70409"},{"taxonomy":"post_tag","embeddable":true,"href":"https:\/\/radiowebmx.com\/nota\/wp-json\/wp\/v2\/tags?post=70409"}],"curies":[{"name":"wp","href":"https:\/\/api.w.org\/{rel}","templated":true}]}}