{"id":70406,"date":"2021-09-08T14:10:29","date_gmt":"2021-09-08T19:10:29","guid":{"rendered":"https:\/\/radiowebmx.com\/nota\/?p=70406"},"modified":"2021-09-08T14:10:32","modified_gmt":"2021-09-08T19:10:32","slug":"xochitl-galvez-llama-pendejo-a-lopez-gatell-por-decir-que-ninos-amparados-quitan-vacunas-a-adultos","status":"publish","type":"post","link":"https:\/\/radiowebmx.com\/nota\/xochitl-galvez-llama-pendejo-a-lopez-gatell-por-decir-que-ninos-amparados-quitan-vacunas-a-adultos\/","title":{"rendered":"X\u00f3chitl G\u00e1lvez llama \u2018pendejo\u2019 a L\u00f3pez-Gatell por decir que ni\u00f1os amparados quitan vacunas a adultos"},"content":{"rendered":"\n<p>   <strong>X\u00f3chitl G\u00e1lvez<\/strong>, senadora del PAN, calific\u00f3 a\u00a0<strong>Hugo L\u00f3pez-Gatell<\/strong>\u00a0como \u201cun\u00a0<strong>pendejo<\/strong>\u201d luego que se cuestion\u00f3 su opini\u00f3n tras las declaraciones del subsecretario de Salud, quien apunt\u00f3 que los\u00a0<strong>ni\u00f1os amparados<\/strong>\u00a0para\u00a0<a href=\"https:\/\/politico.mx\/minuta-politica\/minuta-politica-estados\/promueven-amparos-para-que-200-ni%C3%B1os-reciban-vacuna-contra-covid-19-en-oaxaca\/\">vacunarse<\/a>\u00a0contra COVID-19 \u201c<strong>quita<\/strong>\u201d la oportunidad de recibir la inmunizaci\u00f3n a un adulto que la necesite.<\/p>\n\n\n\n<p>    \u201cEs un pendejo, eso es. No puede ser que declare una cosa as\u00ed cuando hay ni\u00f1os que son vulnerables \u201d, respondi\u00f3 la senadora panista en conferencia de prensa acompa\u00f1ados de sus compa\u00f1eros de bancada.<\/p>\n\n\n\n<p>     Por su parte, el coordinador albiazul,\u00a0<strong>Julen Rementer\u00eda<\/strong>, apunt\u00f3 que le parece \u201cun absurdo, una aberraci\u00f3n el limitar las vacunas\u201d.<\/p>\n\n\n\n<p>     <strong>\u00bfQu\u00e9 sucedi\u00f3?<\/strong>\u00a0Este martes, en la conferencia de prensa ma\u00f1anera, L\u00f3pez-Gatell fue cuestionado sobre los amparos que han obtenido menores de edad para recibir la vacuna contra COVID-19. Al respecto, se\u00f1al\u00f3 que el \u201criesgo va disminuyendo progresivamente a edades menores\u00bb.<\/p>\n\n\n\n<p>     \u201cNo hay que perder de vista que por cada dosis que, por ejemplo por acci\u00f3n judicial, por estas\u00a0<a href=\"https:\/\/politico.mx\/minuta-politica\/minuta-politica-estados\/niegan-vacuna-contra-covid-19-a-12-menores-de-18-a%C3%B1os-que-obtuvieron-amparo-en-jalisco\/\">sentencias de amparo<\/a>, se desviara hacia un ni\u00f1o o una ni\u00f1a cuyo riesgo es considerablemente menor, se le est\u00e1 quitando la oportunidad a una persona que tiene un riesgo mayor.\u00bb coment\u00f3.<\/p>\n","protected":false},"excerpt":{"rendered":"<p>X\u00f3chitl G\u00e1lvez, senadora del PAN, calific\u00f3 a\u00a0Hugo L\u00f3pez-Gatell\u00a0como \u201cun\u00a0pendejo\u201d luego que se cuestion\u00f3 su opini\u00f3n tras las declaraciones del subsecretario de Salud, quien apunt\u00f3 que los\u00a0ni\u00f1os amparados\u00a0para\u00a0vacunarse\u00a0contra COVID-19 \u201cquita\u201d la oportunidad de recibir la inmunizaci\u00f3n a un adulto que la necesite. \u201cEs un pendejo, eso es. No puede ser que declare una cosa as\u00ed cuando [&hellip;]<\/p>\n","protected":false},"author":2,"featured_media":70407,"comment_status":"closed","ping_status":"closed","sticky":false,"template":"","format":"standard","meta":{"footnotes":""},"categories":[1],"tags":[],"class_list":["post-70406","post","type-post","status-publish","format-standard","has-post-thumbnail","hentry","category-sin-categoria"],"_links":{"self":[{"href":"https:\/\/radiowebmx.com\/nota\/wp-json\/wp\/v2\/posts\/70406","targetHints":{"allow":["GET"]}}],"collection":[{"href":"https:\/\/radiowebmx.com\/nota\/wp-json\/wp\/v2\/posts"}],"about":[{"href":"https:\/\/radiowebmx.com\/nota\/wp-json\/wp\/v2\/types\/post"}],"author":[{"embeddable":true,"href":"https:\/\/radiowebmx.com\/nota\/wp-json\/wp\/v2\/users\/2"}],"replies":[{"embeddable":true,"href":"https:\/\/radiowebmx.com\/nota\/wp-json\/wp\/v2\/comments?post=70406"}],"version-history":[{"count":1,"href":"https:\/\/radiowebmx.com\/nota\/wp-json\/wp\/v2\/posts\/70406\/revisions"}],"predecessor-version":[{"id":70408,"href":"https:\/\/radiowebmx.com\/nota\/wp-json\/wp\/v2\/posts\/70406\/revisions\/70408"}],"wp:featuredmedia":[{"embeddable":true,"href":"https:\/\/radiowebmx.com\/nota\/wp-json\/wp\/v2\/media\/70407"}],"wp:attachment":[{"href":"https:\/\/radiowebmx.com\/nota\/wp-json\/wp\/v2\/media?parent=70406"}],"wp:term":[{"taxonomy":"category","embeddable":true,"href":"https:\/\/radiowebmx.com\/nota\/wp-json\/wp\/v2\/categories?post=70406"},{"taxonomy":"post_tag","embeddable":true,"href":"https:\/\/radiowebmx.com\/nota\/wp-json\/wp\/v2\/tags?post=70406"}],"curies":[{"name":"wp","href":"https:\/\/api.w.org\/{rel}","templated":true}]}}