{"id":70400,"date":"2021-09-08T13:57:17","date_gmt":"2021-09-08T18:57:17","guid":{"rendered":"https:\/\/radiowebmx.com\/nota\/?p=70400"},"modified":"2021-09-08T13:57:18","modified_gmt":"2021-09-08T18:57:18","slug":"tribunal-electoral-declara-valido-y-legal-el-triunfo-de-bedolla-como-gobernador","status":"publish","type":"post","link":"https:\/\/radiowebmx.com\/nota\/tribunal-electoral-declara-valido-y-legal-el-triunfo-de-bedolla-como-gobernador\/","title":{"rendered":"Tribunal Electoral declara v\u00e1lido y legal el triunfo de Bedolla como gobernador"},"content":{"rendered":"\n<p>    Morelia, Michoac\u00e1n, 6 de septiembre del 2021.- El Tribunal Electoral del Estado de Michoac\u00e1n (TEEM) entreg\u00f3 la constancia de legalidad y validez de la elecci\u00f3n de gobernador del estado de Michoac\u00e1n a Alfredo Ram\u00edrez Bedolla, qui\u00e9n afirm\u00f3 que &#8220;se impus\u00f3 la verdad legal&#8221;, y reiter\u00f3 el llamado a la reconciliaci\u00f3n por el bien del estado.<\/p>\n\n\n\n<p>   Durante la sesi\u00f3n solemne del TEEM, los magistrados destacaron que en este proceso electoral recibieron una cantidad hist\u00f3rica de impugnaciones, con un total de 167 recursos contra los resultados, de los cuales 53 fueron referentes a la elecci\u00f3n a gobernador.<\/p>\n\n\n\n<p>   &#8220;Despu\u00e9s de esa revisi\u00f3n escrupulosa de la elecci\u00f3n se ha fortalecido la legitimidad de nuestro triunfo, porque queda claro que la voluntad democr\u00e1tica del pueblo michoacano es s\u00f3lida, y a toda prueba&#8221;, afirm\u00f3 el gobernador electo.<\/p>\n\n\n\n<p>   Las y los magistrados que entregaron por unanimidad la constancia al gobernador electo, resaltaron que la elecci\u00f3n cumpli\u00f3 con todos los actos, requisitos y disposiciones previstos en la Constituci\u00f3n Pol\u00edtica de los Estados Unidos Mexicanos, la Constituci\u00f3n Pol\u00edtica del Estado de Michoac\u00e1n y el C\u00f3digo Electoral.<\/p>\n\n\n\n<p>    &#8220;Esta constancia significa nuestro compromiso por formular pol\u00edticas p\u00fablicas que nos incluyan a todas y a todos, sin distinciones de ning\u00fan tipo, porque Michoac\u00e1n requiere m\u00e1s que nunca la participaci\u00f3n de todos y cada uno de nosotros, y de la conjunci\u00f3n de nuestras voluntades y visiones. No tenemos otra alternativa: con el pueblo, todo; sin el pueblo, nada&#8221;, concluy\u00f3 Alfredo Ram\u00edrez Bedolla.<\/p>\n","protected":false},"excerpt":{"rendered":"<p>Morelia, Michoac\u00e1n, 6 de septiembre del 2021.- El Tribunal Electoral del Estado de Michoac\u00e1n (TEEM) entreg\u00f3 la constancia de legalidad y validez de la elecci\u00f3n de gobernador del estado de Michoac\u00e1n a Alfredo Ram\u00edrez Bedolla, qui\u00e9n afirm\u00f3 que &#8220;se impus\u00f3 la verdad legal&#8221;, y reiter\u00f3 el llamado a la reconciliaci\u00f3n por el bien del estado. [&hellip;]<\/p>\n","protected":false},"author":2,"featured_media":70401,"comment_status":"closed","ping_status":"closed","sticky":false,"template":"","format":"standard","meta":{"footnotes":""},"categories":[1],"tags":[],"class_list":["post-70400","post","type-post","status-publish","format-standard","has-post-thumbnail","hentry","category-sin-categoria"],"_links":{"self":[{"href":"https:\/\/radiowebmx.com\/nota\/wp-json\/wp\/v2\/posts\/70400","targetHints":{"allow":["GET"]}}],"collection":[{"href":"https:\/\/radiowebmx.com\/nota\/wp-json\/wp\/v2\/posts"}],"about":[{"href":"https:\/\/radiowebmx.com\/nota\/wp-json\/wp\/v2\/types\/post"}],"author":[{"embeddable":true,"href":"https:\/\/radiowebmx.com\/nota\/wp-json\/wp\/v2\/users\/2"}],"replies":[{"embeddable":true,"href":"https:\/\/radiowebmx.com\/nota\/wp-json\/wp\/v2\/comments?post=70400"}],"version-history":[{"count":1,"href":"https:\/\/radiowebmx.com\/nota\/wp-json\/wp\/v2\/posts\/70400\/revisions"}],"predecessor-version":[{"id":70402,"href":"https:\/\/radiowebmx.com\/nota\/wp-json\/wp\/v2\/posts\/70400\/revisions\/70402"}],"wp:featuredmedia":[{"embeddable":true,"href":"https:\/\/radiowebmx.com\/nota\/wp-json\/wp\/v2\/media\/70401"}],"wp:attachment":[{"href":"https:\/\/radiowebmx.com\/nota\/wp-json\/wp\/v2\/media?parent=70400"}],"wp:term":[{"taxonomy":"category","embeddable":true,"href":"https:\/\/radiowebmx.com\/nota\/wp-json\/wp\/v2\/categories?post=70400"},{"taxonomy":"post_tag","embeddable":true,"href":"https:\/\/radiowebmx.com\/nota\/wp-json\/wp\/v2\/tags?post=70400"}],"curies":[{"name":"wp","href":"https:\/\/api.w.org\/{rel}","templated":true}]}}