{"id":70397,"date":"2021-09-08T13:53:36","date_gmt":"2021-09-08T18:53:36","guid":{"rendered":"https:\/\/radiowebmx.com\/nota\/?p=70397"},"modified":"2021-09-08T13:53:38","modified_gmt":"2021-09-08T18:53:38","slug":"aprueba-ayuntamiento-integracion-de-comision-dictaminadora","status":"publish","type":"post","link":"https:\/\/radiowebmx.com\/nota\/aprueba-ayuntamiento-integracion-de-comision-dictaminadora\/","title":{"rendered":"Aprueba Ayuntamiento integraci\u00f3n de comisi\u00f3n dictaminadora"},"content":{"rendered":"\n<p class=\"has-text-align-center\"><strong>Tambi\u00e9n aprob\u00f3 las actas de las sesiones anteriores.<\/strong><\/p>\n\n\n\n<p>      Morelia, Michoac\u00e1n, 6 de septiembre de 2021.- El ayuntamiento de Morelia que encabeza el alcalde, Alfonso Mart\u00ednez Alc\u00e1zar, aprob\u00f3 por unanimidad en dos sesiones extraordinarias de Cabildo, la autorizaci\u00f3n de las actas de las sesiones anteriores y la integraci\u00f3n de la comisi\u00f3n dictaminadora, respectivamente.<\/p>\n\n\n\n<p>      En la primera sesi\u00f3n, el ayuntamiento en pleno aprob\u00f3 las actas de la Sesi\u00f3n Solemne y toma de protesta, y primera y segunda sesi\u00f3n extraordinaria celebrada previamente.<\/p>\n\n\n\n<p>     Durante la segunda sesi\u00f3n, se aprob\u00f3 por unanimidad la integraci\u00f3n de la comisi\u00f3n especial, para la elaboraci\u00f3n del dictamen de Entrega-Recepci\u00f3n de la administraci\u00f3n p\u00fablica municipal 2021-2024.<\/p>\n\n\n\n<p>     Esta comisi\u00f3n qued\u00f3 integrada por la s\u00edndico municipal, Susan Melissa V\u00e1squez P\u00e9rez, secretario del Ayuntamiento, Yankel Ben\u00edtez Silva, el tesorero, Alberto Guzm\u00e1n D\u00edaz, secretario de Urbanismo y Obra P\u00fablica, Juan Fernando Sosa Tapia, secretario de Servicios P\u00fablicos Municipales, Netzahualc\u00f3yotl V\u00e1zquez Vargas, secretario de Administraci\u00f3n, Germ\u00e1n Ireta Lino, abogado general Juan Alejandro Mart\u00ednez Franco y el jefe de Departamento de Asuntos Legales y Tr\u00e1mites de la Presidencia Municipal, Ricardo V\u00e1zquez L\u00f3pez.<\/p>\n","protected":false},"excerpt":{"rendered":"<p>Tambi\u00e9n aprob\u00f3 las actas de las sesiones anteriores. Morelia, Michoac\u00e1n, 6 de septiembre de 2021.- El ayuntamiento de Morelia que encabeza el alcalde, Alfonso Mart\u00ednez Alc\u00e1zar, aprob\u00f3 por unanimidad en dos sesiones extraordinarias de Cabildo, la autorizaci\u00f3n de las actas de las sesiones anteriores y la integraci\u00f3n de la comisi\u00f3n dictaminadora, respectivamente. En la primera [&hellip;]<\/p>\n","protected":false},"author":2,"featured_media":70398,"comment_status":"closed","ping_status":"closed","sticky":false,"template":"","format":"standard","meta":{"footnotes":""},"categories":[1],"tags":[],"class_list":["post-70397","post","type-post","status-publish","format-standard","has-post-thumbnail","hentry","category-sin-categoria"],"_links":{"self":[{"href":"https:\/\/radiowebmx.com\/nota\/wp-json\/wp\/v2\/posts\/70397","targetHints":{"allow":["GET"]}}],"collection":[{"href":"https:\/\/radiowebmx.com\/nota\/wp-json\/wp\/v2\/posts"}],"about":[{"href":"https:\/\/radiowebmx.com\/nota\/wp-json\/wp\/v2\/types\/post"}],"author":[{"embeddable":true,"href":"https:\/\/radiowebmx.com\/nota\/wp-json\/wp\/v2\/users\/2"}],"replies":[{"embeddable":true,"href":"https:\/\/radiowebmx.com\/nota\/wp-json\/wp\/v2\/comments?post=70397"}],"version-history":[{"count":1,"href":"https:\/\/radiowebmx.com\/nota\/wp-json\/wp\/v2\/posts\/70397\/revisions"}],"predecessor-version":[{"id":70399,"href":"https:\/\/radiowebmx.com\/nota\/wp-json\/wp\/v2\/posts\/70397\/revisions\/70399"}],"wp:featuredmedia":[{"embeddable":true,"href":"https:\/\/radiowebmx.com\/nota\/wp-json\/wp\/v2\/media\/70398"}],"wp:attachment":[{"href":"https:\/\/radiowebmx.com\/nota\/wp-json\/wp\/v2\/media?parent=70397"}],"wp:term":[{"taxonomy":"category","embeddable":true,"href":"https:\/\/radiowebmx.com\/nota\/wp-json\/wp\/v2\/categories?post=70397"},{"taxonomy":"post_tag","embeddable":true,"href":"https:\/\/radiowebmx.com\/nota\/wp-json\/wp\/v2\/tags?post=70397"}],"curies":[{"name":"wp","href":"https:\/\/api.w.org\/{rel}","templated":true}]}}