{"id":70395,"date":"2021-09-08T13:49:23","date_gmt":"2021-09-08T18:49:23","guid":{"rendered":"https:\/\/radiowebmx.com\/nota\/?p=70395"},"modified":"2021-09-08T13:49:25","modified_gmt":"2021-09-08T18:49:25","slug":"logos-11","status":"publish","type":"post","link":"https:\/\/radiowebmx.com\/nota\/logos-11\/","title":{"rendered":"LOGOS"},"content":{"rendered":"\n<p><strong>\u201cA otra cosa mariposa\u201d<\/strong><\/p>\n\n\n\n<p>\u00a0\u00a0\u00a0\u00a0\u00a0\u00a0\u00a0\u00a0\u00a0\u00a0\u00a0\u00a0\u00a0\u00a0 \u00a0\u00a0\u00a0<strong>\u00a0\u00a0 \u00a0DICHOS Y HECHOS DEL PRESIDENTE<\/strong><\/p>\n\n\n\n<p>\u00a0\u00a0\u00a0\u00a0\u00a0\u00a0\u00a0\u00a0\u00a0\u00a0\u00a0\u00a0\u00a0\u00a0\u00a0\u00a0\u00a0\u00a0\u00a0\u00a0\u00a0\u00a0\u00a0\u00a0\u00a0\u00a0\u00a0\u00a0\u00a0\u00a0\u00a0\u00a0\u00a0\u00a0\u00a0\u00a0\u00a0\u00a0\u00a0\u00a0\u00a0\u00a0\u00a0 \u00a0\u00a0\u00a0\u00a0\u00a0\u00a0\u00a0\u00a0\u00a0\u00a0\u00a0\u00a0\u00a0<strong>\u00a0\u00a0\u00a0 Marco Antonio Aguilar Cort\u00e9s<\/strong><\/p>\n\n\n\n<p>&nbsp;&nbsp;&nbsp;&nbsp;&nbsp;&nbsp; M\u00e9xico, como pa\u00eds, cumplir\u00e1 200 a\u00f1os en pocos d\u00edas; y ning\u00fan jefe del estado mexicano ha hablado tanto, ante el p\u00fablico, como el actual presidente Andr\u00e9s Manuel L\u00f3pez Obrador; y apenas lleva la mitad del t\u00e9rmino de su mandato.<\/p>\n\n\n\n<p>&nbsp;&nbsp;&nbsp;&nbsp;&nbsp;&nbsp; Por cantidad verbosa obtendr\u00eda el primer lugar y una medalla de oro.<\/p>\n\n\n\n<p>&nbsp;&nbsp;&nbsp;&nbsp;&nbsp;&nbsp; Ahora, si calific\u00e1ramos la calidad de su expresi\u00f3n locuaz estar\u00eda reprobado, y con ubicaci\u00f3n en los \u00faltimos lugares.<\/p>\n\n\n\n<p>&nbsp;&nbsp;&nbsp;&nbsp;&nbsp;&nbsp; Andr\u00e9s Manuel nos result\u00f3, como presidente, muy activo; no hay duda en ello, y habremos de ubicarlo en el grupo de los madrugadores y hacendosos.<\/p>\n\n\n\n<p>&nbsp;&nbsp;&nbsp;&nbsp;&nbsp;&nbsp; Pero los resultados de su trabajo son err\u00e1ticos y de p\u00e9sima calidad. Mejor nos ir\u00eda si redujera sus tiempos laborales.<\/p>\n\n\n\n<p>&nbsp;&nbsp;&nbsp;&nbsp;&nbsp;&nbsp; Agregar\u00e9, que L\u00f3pez Obrador es jactancioso a m\u00e1s no poder. Engre\u00eddo al m\u00e1ximo, por lo que le podemos aplicar la certera expresi\u00f3n: \u201cde lo que presumes careces\u201d.<\/p>\n\n\n\n<p>&nbsp;&nbsp;&nbsp;&nbsp;&nbsp;&nbsp; Su cultura es de dichos populares y, medianamente, sabe asentarlos a la ocasi\u00f3n: \u201clos militares a los cuarteles\u201d, \u201cme canso ganso\u201d, \u201ccomo anillo al dedo\u201d, \u201camor y paz\u201d, \u201cabrazos, y no balazos\u201d, \u201ca ver qui\u00e9n amarra al tigre\u201d, \u201cprimero los pobres\u201d, \u201ces tiempo de canallas\u201d, \u201cme patea el h\u00edgado\u201d, \u201cno soy tapadera de nadie\u201d, \u201ctodos los negocios il\u00edcitos llevan el visto bueno del presidente\u201d, \u201cni FRENA ni la CNTE detienen al presidente\u201d \u201cel que se aflige se afloja\u201d, \u201cno soy florero\u201d, \u201cllueva, truene o relampaguee\u201d, \u201cme colmaron el plato\u201d, \u201cno s\u00f3lo de pan vive el hombre\u201d, \u201clas escaleras se barren de arriba para abajo\u201d, \u201cyo tengo otros datos\u201d, \u201csereno moreno\u201d, \u201cno me van a cucar\u201d.<\/p>\n\n\n\n<p>&nbsp;&nbsp;&nbsp;&nbsp;&nbsp;&nbsp; Las anteriores frases trilladas \u00fanicamente son una muestra. El presidente palabrero tiene, entre sus lecturas, al \u2018Refranero mexicano\u2019 de Irina G\u00faseva.<\/p>\n\n\n\n<p>&nbsp;&nbsp;&nbsp;&nbsp;&nbsp;&nbsp; Amlo, a su \u201camigo del alma\u201d, a su \u201chermano\u201d Julio Scherer Ibarra, le encaj\u00f3 con dejo de mezquindad: \u201ca otra cosa mariposa\u201d; salvo que la est\u00e9 auto aplicando prematuramente.<\/p>\n\n\n\n<p>&nbsp;&nbsp;&nbsp;&nbsp;&nbsp;&nbsp; &nbsp;Sobre los hechos que el presidente Amlo inform\u00f3 haber cumplido, dijo: \u201c100 compromisos hice en 2018, y s\u00f3lo me falta cumplir dos\u201d.<\/p>\n\n\n\n<p>&nbsp;&nbsp;&nbsp;&nbsp;&nbsp;&nbsp; Supongo que los dos que no ha cumplido son: uno, \u201chechos, no palabras\u201d, y el otro, \u201cno mentir\u00e9\u201d.<\/p>\n\n\n\n<p>&nbsp;&nbsp;&nbsp;&nbsp;&nbsp;&nbsp; Amlo inform\u00f3 por tercer a\u00f1o: \u201cHay paz, gobernabilidad y bienestar, en nuestro pa\u00eds\u201d; \u201cno fabricamos delitos ni perseguimos a nadie\u201d; \u201cconstruimos las bases para transformar al pa\u00eds\u201d; \u201cvamos bien\u201d; \u201cla independencia de los tres poderes federales es una realidad\u201d; \u201cacabamos con la corrupci\u00f3n, y estamos cerca de la verdad sobre los j\u00f3venes de Ayotzinapa\u201d; \u201ctenemos m\u00e1s empleo, m\u00e1s salud, m\u00e1s dinero, m\u00e1s seguridad, somos felices\u201d.<\/p>\n\n\n\n<p>&nbsp;&nbsp;&nbsp;&nbsp;&nbsp;&nbsp; A\u00f1adiendo, a su autoglorificaci\u00f3n informativa, una actitud de regresi\u00f3n infantil, dirigida a los tecn\u00f3cratas neoliberales: \u201ctengan\u2026 para que aprendan\u201d y, al pronunciarla, de ese modito, tuvo ganas de cerrar en pu\u00f1o su mano derecha, poner el dedo pulgar entre el \u00edndice y el dedo medio, para ilustrar mejor la majadera frase.<\/p>\n\n\n\n<p>&nbsp;&nbsp;&nbsp;&nbsp;&nbsp;&nbsp; Empero, 126 millones de mexicanos le contestamos su tercer informe al presidente L\u00f3pez Obrador, de manera breve: \u201cnosotros, las v\u00edctimas de sus malos hechos, tenemos otros datos\u201d.<\/p>\n\n\n\n<p>&nbsp;&nbsp;&nbsp;&nbsp;&nbsp;&nbsp; Es vergonzoso que los hechos de Amlo en migraci\u00f3n sea hacerle el trabajo sucio a Washington, tanto para recibir diplom\u00e1ticamente a afganistanos como para patear y expulsar caribe\u00f1os y centroamericanos.<\/p>\n\n\n\n<p>&nbsp;&nbsp;&nbsp;&nbsp;&nbsp;&nbsp; La deuda p\u00fablica y la huida de capitales extranjeros generar\u00e1 explosiones.<\/p>\n\n\n\n<p>&nbsp;&nbsp;&nbsp;&nbsp;&nbsp;&nbsp; Hay varios males imparables, con sus siniestras consecuencias: el mortal flujo de potentes armas de EU a M\u00e9xico, y la letal marejada de droga de M\u00e9xico a EU.<\/p>\n\n\n\n<p>&nbsp;&nbsp;&nbsp;&nbsp;&nbsp;&nbsp; Por cierto, el texto de la consulta aprobada por el senado, para llevar a cabo la costos\u00edsima e idiota revocaci\u00f3n de mandato, es inconstitucional, por no ajustarse estrictamente a la revocaci\u00f3n, por no ser claro y preciso, y por comprender (confusa y contradictoriamente) como opciones opuestas, lo que es la revocaci\u00f3n y una de sus consecuencias: que siga como presidente si no se revoca.<\/p>\n","protected":false},"excerpt":{"rendered":"<p>\u201cA otra cosa mariposa\u201d \u00a0\u00a0\u00a0\u00a0\u00a0\u00a0\u00a0\u00a0\u00a0\u00a0\u00a0\u00a0\u00a0\u00a0 \u00a0\u00a0\u00a0\u00a0\u00a0 \u00a0DICHOS Y HECHOS DEL PRESIDENTE \u00a0\u00a0\u00a0\u00a0\u00a0\u00a0\u00a0\u00a0\u00a0\u00a0\u00a0\u00a0\u00a0\u00a0\u00a0\u00a0\u00a0\u00a0\u00a0\u00a0\u00a0\u00a0\u00a0\u00a0\u00a0\u00a0\u00a0\u00a0\u00a0\u00a0\u00a0\u00a0\u00a0\u00a0\u00a0\u00a0\u00a0\u00a0\u00a0\u00a0\u00a0\u00a0\u00a0 \u00a0\u00a0\u00a0\u00a0\u00a0\u00a0\u00a0\u00a0\u00a0\u00a0\u00a0\u00a0\u00a0\u00a0\u00a0\u00a0 Marco Antonio Aguilar Cort\u00e9s &nbsp;&nbsp;&nbsp;&nbsp;&nbsp;&nbsp; M\u00e9xico, como pa\u00eds, cumplir\u00e1 200 a\u00f1os en pocos d\u00edas; y ning\u00fan jefe del estado mexicano ha hablado tanto, ante el p\u00fablico, como el actual presidente Andr\u00e9s Manuel L\u00f3pez Obrador; y apenas lleva la mitad del t\u00e9rmino de [&hellip;]<\/p>\n","protected":false},"author":2,"featured_media":69319,"comment_status":"closed","ping_status":"closed","sticky":false,"template":"","format":"standard","meta":{"footnotes":""},"categories":[1],"tags":[],"class_list":["post-70395","post","type-post","status-publish","format-standard","has-post-thumbnail","hentry","category-sin-categoria"],"_links":{"self":[{"href":"https:\/\/radiowebmx.com\/nota\/wp-json\/wp\/v2\/posts\/70395","targetHints":{"allow":["GET"]}}],"collection":[{"href":"https:\/\/radiowebmx.com\/nota\/wp-json\/wp\/v2\/posts"}],"about":[{"href":"https:\/\/radiowebmx.com\/nota\/wp-json\/wp\/v2\/types\/post"}],"author":[{"embeddable":true,"href":"https:\/\/radiowebmx.com\/nota\/wp-json\/wp\/v2\/users\/2"}],"replies":[{"embeddable":true,"href":"https:\/\/radiowebmx.com\/nota\/wp-json\/wp\/v2\/comments?post=70395"}],"version-history":[{"count":1,"href":"https:\/\/radiowebmx.com\/nota\/wp-json\/wp\/v2\/posts\/70395\/revisions"}],"predecessor-version":[{"id":70396,"href":"https:\/\/radiowebmx.com\/nota\/wp-json\/wp\/v2\/posts\/70395\/revisions\/70396"}],"wp:featuredmedia":[{"embeddable":true,"href":"https:\/\/radiowebmx.com\/nota\/wp-json\/wp\/v2\/media\/69319"}],"wp:attachment":[{"href":"https:\/\/radiowebmx.com\/nota\/wp-json\/wp\/v2\/media?parent=70395"}],"wp:term":[{"taxonomy":"category","embeddable":true,"href":"https:\/\/radiowebmx.com\/nota\/wp-json\/wp\/v2\/categories?post=70395"},{"taxonomy":"post_tag","embeddable":true,"href":"https:\/\/radiowebmx.com\/nota\/wp-json\/wp\/v2\/tags?post=70395"}],"curies":[{"name":"wp","href":"https:\/\/api.w.org\/{rel}","templated":true}]}}