{"id":70392,"date":"2021-09-08T13:40:36","date_gmt":"2021-09-08T18:40:36","guid":{"rendered":"https:\/\/radiowebmx.com\/nota\/?p=70392"},"modified":"2021-09-08T13:40:38","modified_gmt":"2021-09-08T18:40:38","slug":"poliforum-listo-para-aplicacion-de-la-segunda-vacuna-anti-covid-19-alfonso-martinez","status":"publish","type":"post","link":"https:\/\/radiowebmx.com\/nota\/poliforum-listo-para-aplicacion-de-la-segunda-vacuna-anti-covid-19-alfonso-martinez\/","title":{"rendered":"Poliforum, listo para aplicaci\u00f3n de la segunda vacuna anti Covid 19: Alfonso Mart\u00ednez"},"content":{"rendered":"\n<p class=\"has-text-align-center\"><strong>\u2022 Pide el alcalde vacunarse para evitar contagios y decesos<br>\u2022 No es necesario pernoctar afuera de las sedes; ser\u00e1n 4 d\u00edas de vacunaci\u00f3n<\/strong><\/p>\n\n\n\n<p>     Morelia, Michoac\u00e1n, 5 de septiembre de 2021.- El presidente municipal de Morelia, Alfonso Mart\u00ednez Alc\u00e1zar, acudi\u00f3 esta noche a las instalaciones del Poliforum para supervisar que todo se encuentre listo para la jornada de vacunaci\u00f3n que inicia ma\u00f1ana en personas de 30 y 39 a\u00f1os de edad.<\/p>\n\n\n\n<p>     Acompa\u00f1ado por el Comisionado, Alejandro Gonz\u00e1lez Cussi, el comandante de la Polic\u00eda de Morelia, Pablo Alarc\u00f3n y el director del Poliforum, Jos\u00e9 Manuel \u00c1lvarez Lucio, el alcalde salud\u00f3 a las personas ya formadas y confirm\u00f3 que las instalaciones de este inmueble ya est\u00e1n listas .<\/p>\n\n\n\n<p>     Es importante recordar que adem\u00e1s del Poliforum, tambi\u00e9n se habilitaron m\u00f3dulos en Ciudad Universitaria y la Unidad Deportiva \u201cEj\u00e9rcito de la Revoluci\u00f3n\u201d, los cuales abrir\u00e1n sus puertas a partir de las 8:30 horas del lunes 6 de septiembre.<\/p>\n\n\n\n<p>     Alfonso Mart\u00ednez celebr\u00f3 la participaci\u00f3n de las personas en esta jornada de vacunaci\u00f3n, ya que esto nos ayuda como sociedad para contener los contagios de Covid 19 durante la tercera ola. Con la vacunaci\u00f3n destac\u00f3, frenamos los contagios y evitamos decesos.<\/p>\n","protected":false},"excerpt":{"rendered":"<p>\u2022 Pide el alcalde vacunarse para evitar contagios y decesos\u2022 No es necesario pernoctar afuera de las sedes; ser\u00e1n 4 d\u00edas de vacunaci\u00f3n Morelia, Michoac\u00e1n, 5 de septiembre de 2021.- El presidente municipal de Morelia, Alfonso Mart\u00ednez Alc\u00e1zar, acudi\u00f3 esta noche a las instalaciones del Poliforum para supervisar que todo se encuentre listo para la [&hellip;]<\/p>\n","protected":false},"author":2,"featured_media":70393,"comment_status":"closed","ping_status":"closed","sticky":false,"template":"","format":"standard","meta":{"footnotes":""},"categories":[1],"tags":[],"class_list":["post-70392","post","type-post","status-publish","format-standard","has-post-thumbnail","hentry","category-sin-categoria"],"_links":{"self":[{"href":"https:\/\/radiowebmx.com\/nota\/wp-json\/wp\/v2\/posts\/70392","targetHints":{"allow":["GET"]}}],"collection":[{"href":"https:\/\/radiowebmx.com\/nota\/wp-json\/wp\/v2\/posts"}],"about":[{"href":"https:\/\/radiowebmx.com\/nota\/wp-json\/wp\/v2\/types\/post"}],"author":[{"embeddable":true,"href":"https:\/\/radiowebmx.com\/nota\/wp-json\/wp\/v2\/users\/2"}],"replies":[{"embeddable":true,"href":"https:\/\/radiowebmx.com\/nota\/wp-json\/wp\/v2\/comments?post=70392"}],"version-history":[{"count":1,"href":"https:\/\/radiowebmx.com\/nota\/wp-json\/wp\/v2\/posts\/70392\/revisions"}],"predecessor-version":[{"id":70394,"href":"https:\/\/radiowebmx.com\/nota\/wp-json\/wp\/v2\/posts\/70392\/revisions\/70394"}],"wp:featuredmedia":[{"embeddable":true,"href":"https:\/\/radiowebmx.com\/nota\/wp-json\/wp\/v2\/media\/70393"}],"wp:attachment":[{"href":"https:\/\/radiowebmx.com\/nota\/wp-json\/wp\/v2\/media?parent=70392"}],"wp:term":[{"taxonomy":"category","embeddable":true,"href":"https:\/\/radiowebmx.com\/nota\/wp-json\/wp\/v2\/categories?post=70392"},{"taxonomy":"post_tag","embeddable":true,"href":"https:\/\/radiowebmx.com\/nota\/wp-json\/wp\/v2\/tags?post=70392"}],"curies":[{"name":"wp","href":"https:\/\/api.w.org\/{rel}","templated":true}]}}