{"id":70389,"date":"2021-09-04T20:01:30","date_gmt":"2021-09-05T01:01:30","guid":{"rendered":"https:\/\/radiowebmx.com\/nota\/?p=70389"},"modified":"2021-09-04T20:01:31","modified_gmt":"2021-09-05T01:01:31","slug":"alfonso-martinez-activa-trabajos-para-recuperar-el-brillo-del-centro-historico-de-morelia","status":"publish","type":"post","link":"https:\/\/radiowebmx.com\/nota\/alfonso-martinez-activa-trabajos-para-recuperar-el-brillo-del-centro-historico-de-morelia\/","title":{"rendered":"Alfonso Mart\u00ednez activa trabajos para recuperar el brillo del Centro Hist\u00f3rico de Morelia"},"content":{"rendered":"\n<p class=\"has-text-align-center\"><strong>\u2022 Atenci\u00f3n a infraestructura urbana, arbolado y mantenimiento en general las acciones a realizar.<\/strong><\/p>\n\n\n\n<p>     Morelia, Michoac\u00e1n, a 03 de septiembre del 2021.- En un recorrido por calles del Centro Hist\u00f3rico de Morelia, el presidente municipal, Alfonso Mart\u00ednez Alc\u00e1zar y empleados de diferentes \u00e1reas, revisaron el estado en el que se encuentra la infraestructura urbana y confirmaron la falta de mantenimiento en diversas \u00e1reas verdes y en el mobiliario.<\/p>\n\n\n\n<p>    La supervisi\u00f3n comenz\u00f3 en las calles peatonales Benito Ju\u00e1rez, Ignacio Zaragoza, Guillermo Prieto y Nigromante, del primer cuadro de la ciudad, en las que se tomaron acciones inmediatas como el remplazo de \u00e1rboles secos de jardineras, colocaci\u00f3n de plantas ornamentales y cambio de infraestructura da\u00f1ada como bancas, topes y balizamiento adecuado a las zonas mixtas, as\u00ed como mantenimiento a bolardos peatonales y vehiculares.<\/p>\n\n\n\n<p>    Alfonso Mart\u00ednez constat\u00f3 el actual estado del arbolado, infraestructura urbana e imagen general de est\u00e1 importante zona de la capital y solicit\u00f3 a los empleados municipales trabajar cuanto antes para rescatarla.<\/p>\n\n\n\n<p>     El secretario general del Sindicato Dem\u00f3crata de Empleados Municipales de Morelia, Ernesto Santamar\u00eda Reyes acompa\u00f1\u00f3 al alcalde, Alfonso Mart\u00ednez y enfatiz\u00f3 que estas labores se realizar\u00e1n en todo el Centro Hist\u00f3rico.<\/p>\n\n\n\n<p>    Refiri\u00f3 que la instrucci\u00f3n del presidente municipal ha sido clara &#8220;recuperar el brillo de la ciudad&#8221;, la atenci\u00f3n de la imagen de Morelia comenz\u00f3 y est\u00e1 abierta a todos los gremios para sumarse.<\/p>\n","protected":false},"excerpt":{"rendered":"<p>\u2022 Atenci\u00f3n a infraestructura urbana, arbolado y mantenimiento en general las acciones a realizar. Morelia, Michoac\u00e1n, a 03 de septiembre del 2021.- En un recorrido por calles del Centro Hist\u00f3rico de Morelia, el presidente municipal, Alfonso Mart\u00ednez Alc\u00e1zar y empleados de diferentes \u00e1reas, revisaron el estado en el que se encuentra la infraestructura urbana y [&hellip;]<\/p>\n","protected":false},"author":2,"featured_media":70390,"comment_status":"closed","ping_status":"closed","sticky":false,"template":"","format":"standard","meta":{"footnotes":""},"categories":[1],"tags":[],"class_list":["post-70389","post","type-post","status-publish","format-standard","has-post-thumbnail","hentry","category-sin-categoria"],"_links":{"self":[{"href":"https:\/\/radiowebmx.com\/nota\/wp-json\/wp\/v2\/posts\/70389","targetHints":{"allow":["GET"]}}],"collection":[{"href":"https:\/\/radiowebmx.com\/nota\/wp-json\/wp\/v2\/posts"}],"about":[{"href":"https:\/\/radiowebmx.com\/nota\/wp-json\/wp\/v2\/types\/post"}],"author":[{"embeddable":true,"href":"https:\/\/radiowebmx.com\/nota\/wp-json\/wp\/v2\/users\/2"}],"replies":[{"embeddable":true,"href":"https:\/\/radiowebmx.com\/nota\/wp-json\/wp\/v2\/comments?post=70389"}],"version-history":[{"count":1,"href":"https:\/\/radiowebmx.com\/nota\/wp-json\/wp\/v2\/posts\/70389\/revisions"}],"predecessor-version":[{"id":70391,"href":"https:\/\/radiowebmx.com\/nota\/wp-json\/wp\/v2\/posts\/70389\/revisions\/70391"}],"wp:featuredmedia":[{"embeddable":true,"href":"https:\/\/radiowebmx.com\/nota\/wp-json\/wp\/v2\/media\/70390"}],"wp:attachment":[{"href":"https:\/\/radiowebmx.com\/nota\/wp-json\/wp\/v2\/media?parent=70389"}],"wp:term":[{"taxonomy":"category","embeddable":true,"href":"https:\/\/radiowebmx.com\/nota\/wp-json\/wp\/v2\/categories?post=70389"},{"taxonomy":"post_tag","embeddable":true,"href":"https:\/\/radiowebmx.com\/nota\/wp-json\/wp\/v2\/tags?post=70389"}],"curies":[{"name":"wp","href":"https:\/\/api.w.org\/{rel}","templated":true}]}}