{"id":70386,"date":"2021-09-04T19:55:31","date_gmt":"2021-09-05T00:55:31","guid":{"rendered":"https:\/\/radiowebmx.com\/nota\/?p=70386"},"modified":"2021-09-04T19:55:32","modified_gmt":"2021-09-05T00:55:32","slug":"aprueba-congreso-michoacano-ley-de-gobierno-digital","status":"publish","type":"post","link":"https:\/\/radiowebmx.com\/nota\/aprueba-congreso-michoacano-ley-de-gobierno-digital\/","title":{"rendered":"Aprueba Congreso michoacano Ley de Gobierno Digital"},"content":{"rendered":"\n<p class=\"has-text-align-center\"><strong><em>La nueva norma, busca garantizar el acceso a todos los michoacanos a la informaci\u00f3n y el conocimiento<\/em><\/strong><\/p>\n\n\n\n<p>    Con el objetivo de establecer pol\u00edticas de inclusi\u00f3n digital universal que garanticen el acceso a todos los michoacanos a la informaci\u00f3n y el conocimiento, la 74 Legislatura del Congreso del Estado, aprob\u00f3 la Ley de Gobierno Digital del Estado de Michoac\u00e1n de Ocampo.<\/p>\n\n\n\n<p>     Lo anterior, a partir de la propuesta elaborada por los diputados integrantes de las Comisiones de Gobernaci\u00f3n y de Ciencia, Tecnolog\u00eda e Innovaci\u00f3n, a trav\u00e9s de la cual buscan la construcci\u00f3n de instrumentos mediante los cuales, los \u00f3rganos del Estado implementen el uso y aprovechamiento estrat\u00e9gico de las tecnolog\u00edas de la informaci\u00f3n, a fin de mejorar la relaci\u00f3n de los mismos con los ciudadanos.<\/p>\n\n\n\n<p>     Adem\u00e1s, para aumentar la eficacia y eficiencia de su gesti\u00f3n, mejorar la simplificaci\u00f3n administrativa, as\u00ed como los servicios que prestan, incrementando de la misma manera la transparencia y participaci\u00f3n ciudadana, estableciendo las bases y componentes que integren el dise\u00f1o, desarrollo, innovaci\u00f3n y establecimiento del gobierno digital en los Poderes Ejecutivo, Legislativo y Judicial, \u00f3rganos constitucionales aut\u00f3nomos y gobiernos municipales del Estado.<\/p>\n\n\n\n<p>    Esta norma, prev\u00e9 la existencia de la Comisi\u00f3n Coordinadora del Gobierno Digital del Estado de Michoac\u00e1n, como una instancia encargada de fomentar e incentivar la comunicaci\u00f3n e interacci\u00f3n de los ciudadanos con los \u00f3rganos del Estado a trav\u00e9s de medios digitales, as\u00ed como acotar las brechas de desigualdad en el acceso al uso de las tecnolog\u00edas de la informaci\u00f3n y comunicaciones, as\u00ed como evaluar sus pol\u00edticas p\u00fablicas y acciones para la implementaci\u00f3n de est\u00e1ndares en materia de TIC\u2019s en temas de gobierno digital.<\/p>\n\n\n\n<p>     As\u00ed, los diputados coincidieron en la necesidad de avanzar hacia un verdadero Gobierno Digital que permita fortalecer a los funcionarios p\u00fablicos, en conjunto de la informaci\u00f3n, aquellos datos necesarios para ofrecer mejores servicios , adem\u00e1s de poner a disposici\u00f3n de la poblaci\u00f3n servicios p\u00fablicos por medios electr\u00f3nicos accesibles, que hagan m\u00e1s eficiente el servicio y la atenci\u00f3n.<\/p>\n","protected":false},"excerpt":{"rendered":"<p>La nueva norma, busca garantizar el acceso a todos los michoacanos a la informaci\u00f3n y el conocimiento Con el objetivo de establecer pol\u00edticas de inclusi\u00f3n digital universal que garanticen el acceso a todos los michoacanos a la informaci\u00f3n y el conocimiento, la 74 Legislatura del Congreso del Estado, aprob\u00f3 la Ley de Gobierno Digital del [&hellip;]<\/p>\n","protected":false},"author":2,"featured_media":70387,"comment_status":"closed","ping_status":"closed","sticky":false,"template":"","format":"standard","meta":{"footnotes":""},"categories":[1],"tags":[],"class_list":["post-70386","post","type-post","status-publish","format-standard","has-post-thumbnail","hentry","category-sin-categoria"],"_links":{"self":[{"href":"https:\/\/radiowebmx.com\/nota\/wp-json\/wp\/v2\/posts\/70386","targetHints":{"allow":["GET"]}}],"collection":[{"href":"https:\/\/radiowebmx.com\/nota\/wp-json\/wp\/v2\/posts"}],"about":[{"href":"https:\/\/radiowebmx.com\/nota\/wp-json\/wp\/v2\/types\/post"}],"author":[{"embeddable":true,"href":"https:\/\/radiowebmx.com\/nota\/wp-json\/wp\/v2\/users\/2"}],"replies":[{"embeddable":true,"href":"https:\/\/radiowebmx.com\/nota\/wp-json\/wp\/v2\/comments?post=70386"}],"version-history":[{"count":1,"href":"https:\/\/radiowebmx.com\/nota\/wp-json\/wp\/v2\/posts\/70386\/revisions"}],"predecessor-version":[{"id":70388,"href":"https:\/\/radiowebmx.com\/nota\/wp-json\/wp\/v2\/posts\/70386\/revisions\/70388"}],"wp:featuredmedia":[{"embeddable":true,"href":"https:\/\/radiowebmx.com\/nota\/wp-json\/wp\/v2\/media\/70387"}],"wp:attachment":[{"href":"https:\/\/radiowebmx.com\/nota\/wp-json\/wp\/v2\/media?parent=70386"}],"wp:term":[{"taxonomy":"category","embeddable":true,"href":"https:\/\/radiowebmx.com\/nota\/wp-json\/wp\/v2\/categories?post=70386"},{"taxonomy":"post_tag","embeddable":true,"href":"https:\/\/radiowebmx.com\/nota\/wp-json\/wp\/v2\/tags?post=70386"}],"curies":[{"name":"wp","href":"https:\/\/api.w.org\/{rel}","templated":true}]}}