{"id":70383,"date":"2021-09-04T19:50:47","date_gmt":"2021-09-05T00:50:47","guid":{"rendered":"https:\/\/radiowebmx.com\/nota\/?p=70383"},"modified":"2021-09-04T19:50:48","modified_gmt":"2021-09-05T00:50:48","slug":"gobierno-de-silvano-obstaculiza-la-entrega-recepcion-de-gobierno-torres-pina","status":"publish","type":"post","link":"https:\/\/radiowebmx.com\/nota\/gobierno-de-silvano-obstaculiza-la-entrega-recepcion-de-gobierno-torres-pina\/","title":{"rendered":"Gobierno de Silvano obstaculiza la entrega-recepci\u00f3n de gobierno: Torres Pi\u00f1a"},"content":{"rendered":"\n<p>     Morelia, Michoac\u00e1n, 03 de septiembre del 2021.- Carlos Torres Pi\u00f1a, vocero del Equipo de Transici\u00f3n del gobernador electo Alfredo Ram\u00edrez Bedolla, inform\u00f3 que contin\u00faan las trabas en el proceso de entrega-recepci\u00f3n por parte de la actual administraci\u00f3n estatal.<\/p>\n\n\n\n<p>     Expuso que, a petici\u00f3n de ellos, s\u00f3lo se instalaron desde el pasado 18 de agosto las comisiones de entrega-recepci\u00f3n, y se generaron algunas reuniones; \u201csin embargo, no ha habido entrega de nada, de informaci\u00f3n, ni de avances, ni de nada\u201d, dijo.<\/p>\n\n\n\n<p>     De esta forma, Torres Pi\u00f1a refiri\u00f3 que el gobierno de Silvano Aureoles Conejo ya est\u00e1 incurriendo en algunas faltas sobre las que se har\u00e1n las observaciones respectivas.<\/p>\n\n\n\n<p>     Comparti\u00f3 que por parte de Gobierno del Estado pretenden condicionar el avance en la entrega-recepci\u00f3n a que se resuelva en la Sala Superior del Tribunal Electoral del Poder Judicial de la Federaci\u00f3n la impugnaci\u00f3n que present\u00f3 la alianza PRI, PAN y PRD; &#8220;sin embargo, la Ley de Planeaci\u00f3n Hacendaria es muy clara, y precisa que el proceso administrativo debe iniciar 45 d\u00edas antes de la toma de posesi\u00f3n\u201d , recalc\u00f3.<\/p>\n\n\n\n<p>     Adem\u00e1s, puntualiz\u00f3 que el decreto de entrega-recepci\u00f3n y sus lineamientos establecen que una vez que se declare validez de la elecci\u00f3n, tambi\u00e9n tendr\u00e1n que instalarse las Comisiones de Entrega-Recepci\u00f3n, y empezar a trabajar\u2026 \u201cas\u00ed que no han respetado por parte del Gobierno del Estado estas etapas que establece la misma ley; nosotros seguimos insistiendo y estaremos pendientes de la entrega formal\u201d, concluy\u00f3.<\/p>\n","protected":false},"excerpt":{"rendered":"<p>Morelia, Michoac\u00e1n, 03 de septiembre del 2021.- Carlos Torres Pi\u00f1a, vocero del Equipo de Transici\u00f3n del gobernador electo Alfredo Ram\u00edrez Bedolla, inform\u00f3 que contin\u00faan las trabas en el proceso de entrega-recepci\u00f3n por parte de la actual administraci\u00f3n estatal. Expuso que, a petici\u00f3n de ellos, s\u00f3lo se instalaron desde el pasado 18 de agosto las comisiones [&hellip;]<\/p>\n","protected":false},"author":2,"featured_media":70384,"comment_status":"closed","ping_status":"closed","sticky":false,"template":"","format":"standard","meta":{"footnotes":""},"categories":[1],"tags":[],"class_list":["post-70383","post","type-post","status-publish","format-standard","has-post-thumbnail","hentry","category-sin-categoria"],"_links":{"self":[{"href":"https:\/\/radiowebmx.com\/nota\/wp-json\/wp\/v2\/posts\/70383","targetHints":{"allow":["GET"]}}],"collection":[{"href":"https:\/\/radiowebmx.com\/nota\/wp-json\/wp\/v2\/posts"}],"about":[{"href":"https:\/\/radiowebmx.com\/nota\/wp-json\/wp\/v2\/types\/post"}],"author":[{"embeddable":true,"href":"https:\/\/radiowebmx.com\/nota\/wp-json\/wp\/v2\/users\/2"}],"replies":[{"embeddable":true,"href":"https:\/\/radiowebmx.com\/nota\/wp-json\/wp\/v2\/comments?post=70383"}],"version-history":[{"count":1,"href":"https:\/\/radiowebmx.com\/nota\/wp-json\/wp\/v2\/posts\/70383\/revisions"}],"predecessor-version":[{"id":70385,"href":"https:\/\/radiowebmx.com\/nota\/wp-json\/wp\/v2\/posts\/70383\/revisions\/70385"}],"wp:featuredmedia":[{"embeddable":true,"href":"https:\/\/radiowebmx.com\/nota\/wp-json\/wp\/v2\/media\/70384"}],"wp:attachment":[{"href":"https:\/\/radiowebmx.com\/nota\/wp-json\/wp\/v2\/media?parent=70383"}],"wp:term":[{"taxonomy":"category","embeddable":true,"href":"https:\/\/radiowebmx.com\/nota\/wp-json\/wp\/v2\/categories?post=70383"},{"taxonomy":"post_tag","embeddable":true,"href":"https:\/\/radiowebmx.com\/nota\/wp-json\/wp\/v2\/tags?post=70383"}],"curies":[{"name":"wp","href":"https:\/\/api.w.org\/{rel}","templated":true}]}}