{"id":70380,"date":"2021-09-04T19:47:49","date_gmt":"2021-09-05T00:47:49","guid":{"rendered":"https:\/\/radiowebmx.com\/nota\/?p=70380"},"modified":"2021-09-04T19:47:51","modified_gmt":"2021-09-05T00:47:51","slug":"supervisa-alfonso-martinez-limpieza-para-evitar-inundaciones","status":"publish","type":"post","link":"https:\/\/radiowebmx.com\/nota\/supervisa-alfonso-martinez-limpieza-para-evitar-inundaciones\/","title":{"rendered":"Supervisa Alfonso Mart\u00ednez, limpieza para evitar inundaciones"},"content":{"rendered":"\n<p>    MORELIA, Mich.- 2 de septiembre de 2021.- El alcalde, Alfonso Mart\u00ednez Alc\u00e1zar, supervis\u00f3 el retiro de maleza y basura del Dren Barajas, ubicado en la avenida Siervo de la Naci\u00f3n, lugar en donde la acumulaci\u00f3n de desechos provoc\u00f3 encharcamientos en la vialidad.<\/p>\n\n\n\n<p>     Acompa\u00f1ado por el secretario del Ayuntamiento, Yankel Ben\u00edtez Silva, el Secretario de Servicios P\u00fablicos Municipales, Netzahualc\u00f3yotl V\u00e1zquez Vargas, as\u00ed como el director de Protecci\u00f3n Civil Municipal y de Residuos S\u00f3lidos, el Presidente Municipal revis\u00f3 los trabajos en este importante cuerpo de agua.<\/p>\n","protected":false},"excerpt":{"rendered":"<p>MORELIA, Mich.- 2 de septiembre de 2021.- El alcalde, Alfonso Mart\u00ednez Alc\u00e1zar, supervis\u00f3 el retiro de maleza y basura del Dren Barajas, ubicado en la avenida Siervo de la Naci\u00f3n, lugar en donde la acumulaci\u00f3n de desechos provoc\u00f3 encharcamientos en la vialidad. Acompa\u00f1ado por el secretario del Ayuntamiento, Yankel Ben\u00edtez Silva, el Secretario de Servicios [&hellip;]<\/p>\n","protected":false},"author":2,"featured_media":70381,"comment_status":"closed","ping_status":"closed","sticky":false,"template":"","format":"standard","meta":{"footnotes":""},"categories":[1],"tags":[],"class_list":["post-70380","post","type-post","status-publish","format-standard","has-post-thumbnail","hentry","category-sin-categoria"],"_links":{"self":[{"href":"https:\/\/radiowebmx.com\/nota\/wp-json\/wp\/v2\/posts\/70380","targetHints":{"allow":["GET"]}}],"collection":[{"href":"https:\/\/radiowebmx.com\/nota\/wp-json\/wp\/v2\/posts"}],"about":[{"href":"https:\/\/radiowebmx.com\/nota\/wp-json\/wp\/v2\/types\/post"}],"author":[{"embeddable":true,"href":"https:\/\/radiowebmx.com\/nota\/wp-json\/wp\/v2\/users\/2"}],"replies":[{"embeddable":true,"href":"https:\/\/radiowebmx.com\/nota\/wp-json\/wp\/v2\/comments?post=70380"}],"version-history":[{"count":1,"href":"https:\/\/radiowebmx.com\/nota\/wp-json\/wp\/v2\/posts\/70380\/revisions"}],"predecessor-version":[{"id":70382,"href":"https:\/\/radiowebmx.com\/nota\/wp-json\/wp\/v2\/posts\/70380\/revisions\/70382"}],"wp:featuredmedia":[{"embeddable":true,"href":"https:\/\/radiowebmx.com\/nota\/wp-json\/wp\/v2\/media\/70381"}],"wp:attachment":[{"href":"https:\/\/radiowebmx.com\/nota\/wp-json\/wp\/v2\/media?parent=70380"}],"wp:term":[{"taxonomy":"category","embeddable":true,"href":"https:\/\/radiowebmx.com\/nota\/wp-json\/wp\/v2\/categories?post=70380"},{"taxonomy":"post_tag","embeddable":true,"href":"https:\/\/radiowebmx.com\/nota\/wp-json\/wp\/v2\/tags?post=70380"}],"curies":[{"name":"wp","href":"https:\/\/api.w.org\/{rel}","templated":true}]}}