{"id":70377,"date":"2021-09-04T19:44:25","date_gmt":"2021-09-05T00:44:25","guid":{"rendered":"https:\/\/radiowebmx.com\/nota\/?p=70377"},"modified":"2021-09-04T19:44:28","modified_gmt":"2021-09-05T00:44:28","slug":"alfonso-martinez-promovera-la-vacunacion-anti-covid-para-reducir-contagios-en-morelia","status":"publish","type":"post","link":"https:\/\/radiowebmx.com\/nota\/alfonso-martinez-promovera-la-vacunacion-anti-covid-para-reducir-contagios-en-morelia\/","title":{"rendered":"Alfonso Mart\u00ednez promover\u00e1 la vacunaci\u00f3n anti Covid para reducir contagios en Morelia"},"content":{"rendered":"\n<p class=\"has-text-align-center\"><strong>*Morelia, el epicentro de la pandemia.<\/strong><\/p>\n\n\n\n<p>      Morelia, Michoac\u00e1n, 2 de septiembre de 2021.- Con el prop\u00f3sito de establecer estrategias sanitarias y fortalecer la coordinaci\u00f3n institucional para contener los contagios por Covid 19 en Morelia, el alcalde, Alfonso Mart\u00ednez Alc\u00e1zar, encabez\u00f3 la instalaci\u00f3n del Comit\u00e9 Municipal de Salud y llam\u00f3 a intensificar las acciones de vacunaci\u00f3n, ya que esta medida ha permitido reducir la letalidad durante la tercera ola.<\/p>\n\n\n\n<p>     Ante funcionarios federales, estatales, municipales y representantes de diversas c\u00e1maras, ofreci\u00f3 toda la disposici\u00f3n de la administraci\u00f3n de Morelia para sumarse a las tareas ya en marcha.<\/p>\n\n\n\n<p>     Alfonso Mart\u00ednez reconoci\u00f3 que actualmente, aunque existe una tendencia a la baja en cuanto al n\u00famero de contagios, es importante no bajar la guardia ya que en la medida que se reduzca la movilidad y se promueva la vacunaci\u00f3n, esta inercia podr\u00eda en breve mejorar las condiciones sanitarias en Morelia.<\/p>\n\n\n\n<p>De acuerdo a informes de la Secretar\u00eda de Salud en Michoac\u00e1n, la capital acumula 22 mil 736 casos confirmados y 1, 838 defunciones, lo que la coloca como el epicentro de la pandemia en la entidad.<\/p>\n\n\n\n<p>    El grupo etario que registr\u00f3 un aumento de contagios es el de 30 a 39 a\u00f1os y, en general, los m\u00e1s afectados son los de 40 a 49, 30 a 39 y 20 a 29, debido a que es la poblaci\u00f3n con mayor movilidad y econ\u00f3micamente activa.<\/p>\n\n\n\n<p>    Al respecto, el presidente municipal adelant\u00f3 que se revisar\u00e1n las acciones a seguir durante el presente mes en Morelia, respetando las disposiciones estatales que obligan a la cancelaci\u00f3n de eventos patrios para evitar la concentraci\u00f3n innecesaria de personas.<\/p>\n\n\n\n<p>     Indic\u00f3 tambi\u00e9n que se buscar\u00e1 incrementar los puntos municipales de muestreo Covid y se promover\u00eda el cuidado de la salud en las personas que padecen enfermedades como hipertensi\u00f3n y diabetes, quienes padecen m\u00e1s los efectos del virus.<\/p>\n\n\n\n<p>     Alfonso Mart\u00ednez refrend\u00f3 el compromiso de la administraci\u00f3n con la salud, por lo que no se dejar\u00e1 de lado cualquier esfuerzo que evite los contagios y facilite regresar a la &#8220;vieja normalidad&#8221;.<\/p>\n","protected":false},"excerpt":{"rendered":"<p>*Morelia, el epicentro de la pandemia. Morelia, Michoac\u00e1n, 2 de septiembre de 2021.- Con el prop\u00f3sito de establecer estrategias sanitarias y fortalecer la coordinaci\u00f3n institucional para contener los contagios por Covid 19 en Morelia, el alcalde, Alfonso Mart\u00ednez Alc\u00e1zar, encabez\u00f3 la instalaci\u00f3n del Comit\u00e9 Municipal de Salud y llam\u00f3 a intensificar las acciones de vacunaci\u00f3n, [&hellip;]<\/p>\n","protected":false},"author":2,"featured_media":70378,"comment_status":"closed","ping_status":"closed","sticky":false,"template":"","format":"standard","meta":{"footnotes":""},"categories":[1],"tags":[],"class_list":["post-70377","post","type-post","status-publish","format-standard","has-post-thumbnail","hentry","category-sin-categoria"],"_links":{"self":[{"href":"https:\/\/radiowebmx.com\/nota\/wp-json\/wp\/v2\/posts\/70377","targetHints":{"allow":["GET"]}}],"collection":[{"href":"https:\/\/radiowebmx.com\/nota\/wp-json\/wp\/v2\/posts"}],"about":[{"href":"https:\/\/radiowebmx.com\/nota\/wp-json\/wp\/v2\/types\/post"}],"author":[{"embeddable":true,"href":"https:\/\/radiowebmx.com\/nota\/wp-json\/wp\/v2\/users\/2"}],"replies":[{"embeddable":true,"href":"https:\/\/radiowebmx.com\/nota\/wp-json\/wp\/v2\/comments?post=70377"}],"version-history":[{"count":1,"href":"https:\/\/radiowebmx.com\/nota\/wp-json\/wp\/v2\/posts\/70377\/revisions"}],"predecessor-version":[{"id":70379,"href":"https:\/\/radiowebmx.com\/nota\/wp-json\/wp\/v2\/posts\/70377\/revisions\/70379"}],"wp:featuredmedia":[{"embeddable":true,"href":"https:\/\/radiowebmx.com\/nota\/wp-json\/wp\/v2\/media\/70378"}],"wp:attachment":[{"href":"https:\/\/radiowebmx.com\/nota\/wp-json\/wp\/v2\/media?parent=70377"}],"wp:term":[{"taxonomy":"category","embeddable":true,"href":"https:\/\/radiowebmx.com\/nota\/wp-json\/wp\/v2\/categories?post=70377"},{"taxonomy":"post_tag","embeddable":true,"href":"https:\/\/radiowebmx.com\/nota\/wp-json\/wp\/v2\/tags?post=70377"}],"curies":[{"name":"wp","href":"https:\/\/api.w.org\/{rel}","templated":true}]}}