{"id":70374,"date":"2021-09-04T19:41:20","date_gmt":"2021-09-05T00:41:20","guid":{"rendered":"https:\/\/radiowebmx.com\/nota\/?p=70374"},"modified":"2021-09-04T19:41:21","modified_gmt":"2021-09-05T00:41:21","slug":"celebra-bedolla-adhesion-de-alcaldes-de-otras-fuerzas-politicas-a-la-4t","status":"publish","type":"post","link":"https:\/\/radiowebmx.com\/nota\/celebra-bedolla-adhesion-de-alcaldes-de-otras-fuerzas-politicas-a-la-4t\/","title":{"rendered":"Celebra Bedolla adhesi\u00f3n de alcaldes de otras fuerzas pol\u00edticas a la 4T"},"content":{"rendered":"\n<p>    Morelia, Michoac\u00e1n, 02 de septiembre del 2021.- El gobernador electo, Alfredo Ram\u00edrez Bedolla, celebr\u00f3 la incorporaci\u00f3n de presidentes municipales emanados de otras fuerzas pol\u00edticas a Morena, toda vez que &#8220;la suma de actores pol\u00edticos y sociales fortalece al proyecto de la cuarta transformaci\u00f3n en Michoac\u00e1n&#8221;, dijo.<\/p>\n\n\n\n<p>     Alfredo Ram\u00edrez acompa\u00f1\u00f3 al presidente nacional de Morena, Mario Delgado Carrillo, en la conferencia de prensa en la que di\u00f3 a conocer que se suma a Morena los alcaldes de Brise\u00f1as, Esteban \u00c1valos; de Panindicuaro, Manuel L\u00f3pez Mel\u00e9ndez, y de Chuc\u00e1ndiro, Iv\u00e1n Guadalupe L\u00f3pez Col\u00edn.<\/p>\n\n\n\n<p>    &#8221; Llegaron postulados por otras fuerzas pol\u00edticas, pero hoy manifiestan su deseo de sumarse al movimiento. Tienen el mismo ideal de encabezar gobiernos honestos y asumir los principios de no mentir, no robar y no traicionar al pueblo&#8221;, manifest\u00f3 Mario Delgado.<\/p>\n\n\n\n<p>     Por su parte, Ram\u00edrez Bedolla reiter\u00f3 que su gobierno no discriminar\u00e1 ni marginar\u00e1 a presidentes municipales por su filiaci\u00f3n pol\u00edtica; sin embargo, recalc\u00f3 que es satisfactorio saber que los ediles asumen el compromiso de gobernar con base en los principios obradoristas de austeridad, honestidad y justicia social.<\/p>\n\n\n\n<p>     El gobernador electo tambi\u00e9n felicit\u00f3 a Fidel Calder\u00f3n Torreblanca por haber sido elegido mediante consenso como coordinador del Grupo Parlamentario de Morena en el Congreso del Estado, y a Julieta Garc\u00eda Zepeda por su elecci\u00f3n como vicecoordinadora.<\/p>\n","protected":false},"excerpt":{"rendered":"<p>Morelia, Michoac\u00e1n, 02 de septiembre del 2021.- El gobernador electo, Alfredo Ram\u00edrez Bedolla, celebr\u00f3 la incorporaci\u00f3n de presidentes municipales emanados de otras fuerzas pol\u00edticas a Morena, toda vez que &#8220;la suma de actores pol\u00edticos y sociales fortalece al proyecto de la cuarta transformaci\u00f3n en Michoac\u00e1n&#8221;, dijo. Alfredo Ram\u00edrez acompa\u00f1\u00f3 al presidente nacional de Morena, Mario [&hellip;]<\/p>\n","protected":false},"author":2,"featured_media":70375,"comment_status":"closed","ping_status":"closed","sticky":false,"template":"","format":"standard","meta":{"footnotes":""},"categories":[1],"tags":[],"class_list":["post-70374","post","type-post","status-publish","format-standard","has-post-thumbnail","hentry","category-sin-categoria"],"_links":{"self":[{"href":"https:\/\/radiowebmx.com\/nota\/wp-json\/wp\/v2\/posts\/70374","targetHints":{"allow":["GET"]}}],"collection":[{"href":"https:\/\/radiowebmx.com\/nota\/wp-json\/wp\/v2\/posts"}],"about":[{"href":"https:\/\/radiowebmx.com\/nota\/wp-json\/wp\/v2\/types\/post"}],"author":[{"embeddable":true,"href":"https:\/\/radiowebmx.com\/nota\/wp-json\/wp\/v2\/users\/2"}],"replies":[{"embeddable":true,"href":"https:\/\/radiowebmx.com\/nota\/wp-json\/wp\/v2\/comments?post=70374"}],"version-history":[{"count":1,"href":"https:\/\/radiowebmx.com\/nota\/wp-json\/wp\/v2\/posts\/70374\/revisions"}],"predecessor-version":[{"id":70376,"href":"https:\/\/radiowebmx.com\/nota\/wp-json\/wp\/v2\/posts\/70374\/revisions\/70376"}],"wp:featuredmedia":[{"embeddable":true,"href":"https:\/\/radiowebmx.com\/nota\/wp-json\/wp\/v2\/media\/70375"}],"wp:attachment":[{"href":"https:\/\/radiowebmx.com\/nota\/wp-json\/wp\/v2\/media?parent=70374"}],"wp:term":[{"taxonomy":"category","embeddable":true,"href":"https:\/\/radiowebmx.com\/nota\/wp-json\/wp\/v2\/categories?post=70374"},{"taxonomy":"post_tag","embeddable":true,"href":"https:\/\/radiowebmx.com\/nota\/wp-json\/wp\/v2\/tags?post=70374"}],"curies":[{"name":"wp","href":"https:\/\/api.w.org\/{rel}","templated":true}]}}