{"id":70371,"date":"2021-09-01T22:36:07","date_gmt":"2021-09-02T03:36:07","guid":{"rendered":"https:\/\/radiowebmx.com\/nota\/?p=70371"},"modified":"2021-09-01T22:36:08","modified_gmt":"2021-09-02T03:36:08","slug":"entrega-alfonso-martinez-nombramientos-a-gabinete-y-toma-protesta-a-secretario-del-ayuntamiento-y-tesorero","status":"publish","type":"post","link":"https:\/\/radiowebmx.com\/nota\/entrega-alfonso-martinez-nombramientos-a-gabinete-y-toma-protesta-a-secretario-del-ayuntamiento-y-tesorero\/","title":{"rendered":"Entrega Alfonso Mart\u00ednez nombramientos a Gabinete y toma protesta a Secretario del Ayuntamiento y Tesorero"},"content":{"rendered":"\n<p>Experiencia, voluntad y amor por Morelia, as\u00ed qued\u00f3 conformado el gabinete municipal con la entrega oficial de nombramientos a los funcionarios muncipales que encabezar\u00e1n las diferentes \u00e1reas operativas de la administraci\u00f3n 2021-2024; asimismo, tomaron protesta en Sesi\u00f3n de Cabildo el Secretario del Ayuntamiento y el Tesorero.<\/p>\n\n\n\n<p>En una breve ceremonia celebrada en Palacio Municipal, Alfonso Mart\u00ednez Alc\u00e1zar present\u00f3 al gabinete y uno a uno, fue entregando sus nombramiento que los acredita oficialmente como funcionarios.<\/p>\n\n\n\n<p>Previo a la entrega de documentos, el alcalde los exhort\u00f3 a conducirse con responsabilidad y estar a la altura de las exigencias de los morelianos; tambi\u00e9n dejo en claro que los resultados, ser\u00e1n los que determinen su continuidad.<\/p>\n\n\n\n<p>As\u00ed, tomaron posesi\u00f3n Germ\u00e1n Alberto Ireta Lino<br>como secretario de Administraci\u00f3n; Adolfo Torres Ram\u00edrez, Secretario de Bienestar y Pol\u00edtica Social, Thelma Aquique Arrieta, Secretaria de Turismo; F\u00e1tima Ch\u00e1vez Alcaraz, Secretaria de Cultura; Netzahualc\u00f3yotl V\u00e1zquez Vargas, Secretario de Servicios P\u00fablicos; Juan Fernando Sosa Tapia, Secretar\u00eda de Urbanismo y Obra P\u00fablica; Mar\u00eda Guadalupe Herrera Calder\u00f3n, Secretaria de Fomento Econ\u00f3mico; Pedro N\u00fa\u00f1ez Gonz\u00e1lez; Secretario de Movilidad y Espacio P\u00fablico; Guillermo Cuitl\u00e1huatl Mar\u00edn Ch\u00e1vez, Secretario de Desarrollo Rural y Medio Ambiente; Enrique Alejandro Alc\u00e1zar Ram\u00edrez, Director de Comunicaci\u00f3n Social; Alejandro Amante Urbina, Encargado de despacho de la Direcci\u00f3n del DIF Morelia; y H\u00e9ctor G\u00f3mez Trujillo, Coordinador de Gabinete.<\/p>\n\n\n\n<p>Posteriormente en Sesi\u00f3n de Cabildo, el Ayuntamiento en pleno aprob\u00f3 por unanimidad la propuesta de Yankel Ben\u00edtez Silva, como Secretario del Ayuntamiento y Alberto Gabriel Guzm\u00e1n D\u00edaz, como Tesorero.<\/p>\n","protected":false},"excerpt":{"rendered":"<p>Experiencia, voluntad y amor por Morelia, as\u00ed qued\u00f3 conformado el gabinete municipal con la entrega oficial de nombramientos a los funcionarios muncipales que encabezar\u00e1n las diferentes \u00e1reas operativas de la administraci\u00f3n 2021-2024; asimismo, tomaron protesta en Sesi\u00f3n de Cabildo el Secretario del Ayuntamiento y el Tesorero. En una breve ceremonia celebrada en Palacio Municipal, Alfonso [&hellip;]<\/p>\n","protected":false},"author":2,"featured_media":70372,"comment_status":"closed","ping_status":"closed","sticky":false,"template":"","format":"standard","meta":{"footnotes":""},"categories":[1],"tags":[],"class_list":["post-70371","post","type-post","status-publish","format-standard","has-post-thumbnail","hentry","category-sin-categoria"],"_links":{"self":[{"href":"https:\/\/radiowebmx.com\/nota\/wp-json\/wp\/v2\/posts\/70371","targetHints":{"allow":["GET"]}}],"collection":[{"href":"https:\/\/radiowebmx.com\/nota\/wp-json\/wp\/v2\/posts"}],"about":[{"href":"https:\/\/radiowebmx.com\/nota\/wp-json\/wp\/v2\/types\/post"}],"author":[{"embeddable":true,"href":"https:\/\/radiowebmx.com\/nota\/wp-json\/wp\/v2\/users\/2"}],"replies":[{"embeddable":true,"href":"https:\/\/radiowebmx.com\/nota\/wp-json\/wp\/v2\/comments?post=70371"}],"version-history":[{"count":1,"href":"https:\/\/radiowebmx.com\/nota\/wp-json\/wp\/v2\/posts\/70371\/revisions"}],"predecessor-version":[{"id":70373,"href":"https:\/\/radiowebmx.com\/nota\/wp-json\/wp\/v2\/posts\/70371\/revisions\/70373"}],"wp:featuredmedia":[{"embeddable":true,"href":"https:\/\/radiowebmx.com\/nota\/wp-json\/wp\/v2\/media\/70372"}],"wp:attachment":[{"href":"https:\/\/radiowebmx.com\/nota\/wp-json\/wp\/v2\/media?parent=70371"}],"wp:term":[{"taxonomy":"category","embeddable":true,"href":"https:\/\/radiowebmx.com\/nota\/wp-json\/wp\/v2\/categories?post=70371"},{"taxonomy":"post_tag","embeddable":true,"href":"https:\/\/radiowebmx.com\/nota\/wp-json\/wp\/v2\/tags?post=70371"}],"curies":[{"name":"wp","href":"https:\/\/api.w.org\/{rel}","templated":true}]}}