{"id":70368,"date":"2021-09-01T22:35:07","date_gmt":"2021-09-02T03:35:07","guid":{"rendered":"https:\/\/radiowebmx.com\/nota\/?p=70368"},"modified":"2021-09-01T22:35:09","modified_gmt":"2021-09-02T03:35:09","slug":"juan-antonio-ixtlahuac-orihuela-rindio-protesta-como-presidente-municipal-de-zitacuaro","status":"publish","type":"post","link":"https:\/\/radiowebmx.com\/nota\/juan-antonio-ixtlahuac-orihuela-rindio-protesta-como-presidente-municipal-de-zitacuaro\/","title":{"rendered":"Juan Antonio Ixtl\u00e1huac Orihuela\u00a0rindi\u00f3 protesta como\u00a0presidente municipal de Zit\u00e1cuaro"},"content":{"rendered":"\n<p>En sesi\u00f3n solemne realizada este mi\u00e9rcoles en el Teatro \u201cBenito Ju\u00e1rez\u201d,<strong>&nbsp;Juan Antonio Ixtl\u00e1huac Orihuela&nbsp;<\/strong>rindi\u00f3 protesta como&nbsp;<strong>presidente municipal de Zit\u00e1cuaro<\/strong>, acto en el que oficialmente se instal\u00f3 el Ayuntamiento 2021-2024.<\/p>\n\n\n\n<p>Entre los invitados especiales destacaron&nbsp;<strong>Hugo Raya Pizano<\/strong>, titular de la Secretar\u00eda de Comunicaciones y Obras P\u00fablicas, quien asisti\u00f3 en&nbsp; representaci\u00f3n del gobernador Silvano Aureoles Conejo; el gobernador electo,<strong>&nbsp;Alfredo Ram\u00edrez Bedolla;&nbsp;<\/strong>el vocero del equipo de Transici\u00f3n de Morena,&nbsp;<strong>Carlos Torres Pi\u00f1a<\/strong>;&nbsp;<strong>Jos\u00e9 Ascensi\u00f3n Orihuela B\u00e1rcenas,<\/strong>&nbsp;as\u00ed como expresidentes municipales, exgobernadores del Estado de M\u00e9xico y el senador&nbsp;<strong>Antonio Garc\u00eda Conejo<\/strong>.<\/p>\n\n\n\n<p>Durante su discurso, el ahora alcalde, solicit\u00f3 al gobernador electo, Alfredo Ram\u00edrez Bedolla, que considere a Zit\u00e1cuaro como nuevo destino econ\u00f3mico en Michoac\u00e1n. \u201cQueremos reducir los kil\u00f3metros y las distancias, merecemos mejores autopistas, carreteras, infraestructura e inversi\u00f3n\u201d,&nbsp; puntualiz\u00f3 Ixtl\u00e1huac Orihuela.<\/p>\n\n\n\n<p>Asimismo, le pidi\u00f3 que acompa\u00f1e los esfuerzos y los sue\u00f1os del pueblo por tener m\u00e1s empleo y m\u00e1s oportunidades para recuperar la paz y el desarrollo.<\/p>\n\n\n\n<p>\u201cNuestro gran triunfo ser\u00e1 que Zit\u00e1cuaro sea una ciudad progresista de desarrollo, una ciudad generadora de oportunidades y que promueva la calidad de vida\u201d, expres\u00f3 el presidente municipal.<\/p>\n\n\n\n<p>Adem\u00e1s, se comprometi\u00f3 a trabajar en todo momento por la paz y la prosperidad, para que se pueda construir la primera Oficina de Paz en el municipio.<\/p>\n\n\n\n<p>\u201cHaremos lo propio para crear el primer Centro de Negocios en todo el estado de Michoac\u00e1n, as\u00ed como el primer Centro de Exposiciones, para que los productores de guayaba, aguacate, zarzamora, nochebuena, trucha e incluso los talleres de huaraches tengan la oportunidad de exponer su capacidad de producci\u00f3n\u201d, asever\u00f3 el edil.<\/p>\n\n\n\n<p>Finalmente dijo que quieren que Zit\u00e1cuaro sea decretada Ciudad de los Ni\u00f1os, en la que se respeten sus derechos, sus garant\u00edas, que sea una ciudad disponible para los ni\u00f1os, ya que ellos representan el 33% de la poblaci\u00f3n.<\/p>\n","protected":false},"excerpt":{"rendered":"<p>En sesi\u00f3n solemne realizada este mi\u00e9rcoles en el Teatro \u201cBenito Ju\u00e1rez\u201d,&nbsp;Juan Antonio Ixtl\u00e1huac Orihuela&nbsp;rindi\u00f3 protesta como&nbsp;presidente municipal de Zit\u00e1cuaro, acto en el que oficialmente se instal\u00f3 el Ayuntamiento 2021-2024. Entre los invitados especiales destacaron&nbsp;Hugo Raya Pizano, titular de la Secretar\u00eda de Comunicaciones y Obras P\u00fablicas, quien asisti\u00f3 en&nbsp; representaci\u00f3n del gobernador Silvano Aureoles Conejo; el [&hellip;]<\/p>\n","protected":false},"author":2,"featured_media":0,"comment_status":"closed","ping_status":"closed","sticky":false,"template":"","format":"standard","meta":{"footnotes":""},"categories":[1],"tags":[],"class_list":["post-70368","post","type-post","status-publish","format-standard","hentry","category-sin-categoria"],"_links":{"self":[{"href":"https:\/\/radiowebmx.com\/nota\/wp-json\/wp\/v2\/posts\/70368","targetHints":{"allow":["GET"]}}],"collection":[{"href":"https:\/\/radiowebmx.com\/nota\/wp-json\/wp\/v2\/posts"}],"about":[{"href":"https:\/\/radiowebmx.com\/nota\/wp-json\/wp\/v2\/types\/post"}],"author":[{"embeddable":true,"href":"https:\/\/radiowebmx.com\/nota\/wp-json\/wp\/v2\/users\/2"}],"replies":[{"embeddable":true,"href":"https:\/\/radiowebmx.com\/nota\/wp-json\/wp\/v2\/comments?post=70368"}],"version-history":[{"count":1,"href":"https:\/\/radiowebmx.com\/nota\/wp-json\/wp\/v2\/posts\/70368\/revisions"}],"predecessor-version":[{"id":70370,"href":"https:\/\/radiowebmx.com\/nota\/wp-json\/wp\/v2\/posts\/70368\/revisions\/70370"}],"wp:attachment":[{"href":"https:\/\/radiowebmx.com\/nota\/wp-json\/wp\/v2\/media?parent=70368"}],"wp:term":[{"taxonomy":"category","embeddable":true,"href":"https:\/\/radiowebmx.com\/nota\/wp-json\/wp\/v2\/categories?post=70368"},{"taxonomy":"post_tag","embeddable":true,"href":"https:\/\/radiowebmx.com\/nota\/wp-json\/wp\/v2\/tags?post=70368"}],"curies":[{"name":"wp","href":"https:\/\/api.w.org\/{rel}","templated":true}]}}