{"id":70365,"date":"2021-09-01T22:33:16","date_gmt":"2021-09-02T03:33:16","guid":{"rendered":"https:\/\/radiowebmx.com\/nota\/?p=70365"},"modified":"2021-09-01T22:33:36","modified_gmt":"2021-09-02T03:33:36","slug":"cerrar-filas-por-salud-y-la-seguridad-publica-de-michoacan-silvano-a-nuevos-alcaldes","status":"publish","type":"post","link":"https:\/\/radiowebmx.com\/nota\/cerrar-filas-por-salud-y-la-seguridad-publica-de-michoacan-silvano-a-nuevos-alcaldes\/","title":{"rendered":"Cerrar filas por salud y la seguridad p\u00fablica de Michoac\u00e1n: Silvano a nuevos alcaldes"},"content":{"rendered":"\n<p><strong><em>La coordinaci\u00f3n entre ayuntamientos y Gobierno del Estado, es un valor fundamental que debe imperar, se\u00f1ala<\/em><\/strong><\/p>\n\n\n\n<p><strong><em>Exhorta a las nuevas autoridades locales a mantener instalados y en funcionamiento permanente los Comit\u00e9s Municipales de Salud<\/em><\/strong><\/p>\n\n\n\n<p>Morelia, Michoac\u00e1n.- A cerrar filas por la salud y la seguridad p\u00fablica de Michoac\u00e1n, convoc\u00f3 el Gobernador Silvano Aureoles Conejo a las y los presidentes municipales y cabildos que este primero de septiembre asumen sus responsabilidades como autoridades locales.<\/p>\n\n\n\n<p>Tras darles la bienvenida, el mandatario michoacano los invit\u00f3 respetuosamente a cerrar filas \u201cpor la salud y la vida de las y los michoacanos (\u2026) cerremos filas por Michoac\u00e1n\u201d, enfatiz\u00f3.<\/p>\n\n\n\n<p>\u201cDesde el Gobierno del Estado deseamos y esperamos que sus administraciones sean para el beneficio y bienestar de las michoacanas y los michoacanos; mi compromiso p\u00fablico es trabajar, hasta el \u00faltimo d\u00eda, de la mano de los ayuntamientos\u201d, ofreci\u00f3.<\/p>\n\n\n\n<p>En mensaje que emiti\u00f3 a trav\u00e9s de sus redes sociales, Aureoles Conejo se\u00f1al\u00f3 que la coordinaci\u00f3n entre ayuntamientos y Gobierno del Estado, es un valor fundamental que debe imperar para salvaguardar la vida de las y los michoacanos.<\/p>\n\n\n\n<p>Por tal motivo, exhort\u00f3 a los nuevos ayuntamientos a mantener instalados y en funcionamiento permanente, sus respectivos Comit\u00e9s Municipales de Salud, que han sido un modelo eficiente de atenci\u00f3n de la epidemia.<\/p>\n\n\n\n<p>\u201cLa tarea de gobernar un territorio conlleva una gran responsabilidad, hacerlo en el contexto de una epidemia activa, como la que vivimos, es un reto todav\u00eda mayor y la invitaci\u00f3n es a sumarse a una estrategia de atenci\u00f3n de la epidemia que, sociedad y autoridades, hemos mantenido durante 17 meses\u201d, dijo.<\/p>\n\n\n\n<p>El Gobernador reiter\u00f3 finalmente que la salud y la seguridad p\u00fablica deben ser dos espacios de neutralidad pol\u00edtica para no poner en riesgo la vida de la poblaci\u00f3n.<\/p>\n","protected":false},"excerpt":{"rendered":"<p>La coordinaci\u00f3n entre ayuntamientos y Gobierno del Estado, es un valor fundamental que debe imperar, se\u00f1ala Exhorta a las nuevas autoridades locales a mantener instalados y en funcionamiento permanente los Comit\u00e9s Municipales de Salud Morelia, Michoac\u00e1n.- A cerrar filas por la salud y la seguridad p\u00fablica de Michoac\u00e1n, convoc\u00f3 el Gobernador Silvano Aureoles Conejo a [&hellip;]<\/p>\n","protected":false},"author":2,"featured_media":0,"comment_status":"closed","ping_status":"closed","sticky":false,"template":"","format":"standard","meta":{"footnotes":""},"categories":[1],"tags":[],"class_list":["post-70365","post","type-post","status-publish","format-standard","hentry","category-sin-categoria"],"_links":{"self":[{"href":"https:\/\/radiowebmx.com\/nota\/wp-json\/wp\/v2\/posts\/70365","targetHints":{"allow":["GET"]}}],"collection":[{"href":"https:\/\/radiowebmx.com\/nota\/wp-json\/wp\/v2\/posts"}],"about":[{"href":"https:\/\/radiowebmx.com\/nota\/wp-json\/wp\/v2\/types\/post"}],"author":[{"embeddable":true,"href":"https:\/\/radiowebmx.com\/nota\/wp-json\/wp\/v2\/users\/2"}],"replies":[{"embeddable":true,"href":"https:\/\/radiowebmx.com\/nota\/wp-json\/wp\/v2\/comments?post=70365"}],"version-history":[{"count":1,"href":"https:\/\/radiowebmx.com\/nota\/wp-json\/wp\/v2\/posts\/70365\/revisions"}],"predecessor-version":[{"id":70367,"href":"https:\/\/radiowebmx.com\/nota\/wp-json\/wp\/v2\/posts\/70365\/revisions\/70367"}],"wp:attachment":[{"href":"https:\/\/radiowebmx.com\/nota\/wp-json\/wp\/v2\/media?parent=70365"}],"wp:term":[{"taxonomy":"category","embeddable":true,"href":"https:\/\/radiowebmx.com\/nota\/wp-json\/wp\/v2\/categories?post=70365"},{"taxonomy":"post_tag","embeddable":true,"href":"https:\/\/radiowebmx.com\/nota\/wp-json\/wp\/v2\/tags?post=70365"}],"curies":[{"name":"wp","href":"https:\/\/api.w.org\/{rel}","templated":true}]}}