{"id":70362,"date":"2021-09-01T22:28:04","date_gmt":"2021-09-02T03:28:04","guid":{"rendered":"https:\/\/radiowebmx.com\/nota\/?p=70362"},"modified":"2021-09-01T22:31:31","modified_gmt":"2021-09-02T03:31:31","slug":"en-alianza-y-armonia-trabajaremos-con-ayuntamientos-bedolla","status":"publish","type":"post","link":"https:\/\/radiowebmx.com\/nota\/en-alianza-y-armonia-trabajaremos-con-ayuntamientos-bedolla\/","title":{"rendered":"En alianza y armon\u00eda trabajaremos con  Ayuntamientos: Bedolla"},"content":{"rendered":"\n<p>     Michoac\u00e1n, 01 de septiembre de 2021.- El gobernador electo Alfredo Ram\u00edrez Bedolla afirm\u00f3 que a partir del primero de octubre trabajar\u00e1 en coordinaci\u00f3n y armon\u00eda con los ayuntamientos para el desarrollo y progreso de Michoac\u00e1n.<\/p>\n\n\n\n<p>     En visita para acompa\u00f1ar a los alcaldes en la toma de protesta de autoridades municipales en Ciudad Hidalgo, Zit\u00e1cuaro, Zinap\u00e9cuaro y Uruapan, Ram\u00edrez Bedolla convoc\u00f3 a los Cabildos a trabajar con base en criterios de inclusi\u00f3n, alianza y pluralidad democr\u00e1tica.<\/p>\n\n\n\n<p>     \u201cLa elecci\u00f3n ya pas\u00f3 y ahora tenemos que trabajar en armon\u00eda y unidad, solos no podemos; cuenten con un gestor ante el gobierno federal y con que terminar\u00e1n las disputas que le han hecho da\u00f1o a Michoac\u00e1n\u201d.<\/p>\n\n\n\n<p>     Record\u00f3 que ha sostenido encuentros con autoridades del gobierno central para avanzar en el plan de trabajo que requiere Michoac\u00e1n, y agreg\u00f3 que en la misma l\u00ednea de acci\u00f3n est\u00e1 la gesti\u00f3n de recursos para apoyar proyectos sociales y productivos en los 113 municipios de la entidad.<\/p>\n","protected":false},"excerpt":{"rendered":"<p>Michoac\u00e1n, 01 de septiembre de 2021.- El gobernador electo Alfredo Ram\u00edrez Bedolla afirm\u00f3 que a partir del primero de octubre trabajar\u00e1 en coordinaci\u00f3n y armon\u00eda con los ayuntamientos para el desarrollo y progreso de Michoac\u00e1n. En visita para acompa\u00f1ar a los alcaldes en la toma de protesta de autoridades municipales en Ciudad Hidalgo, Zit\u00e1cuaro, Zinap\u00e9cuaro [&hellip;]<\/p>\n","protected":false},"author":2,"featured_media":70363,"comment_status":"closed","ping_status":"closed","sticky":false,"template":"","format":"standard","meta":{"footnotes":""},"categories":[1],"tags":[],"class_list":["post-70362","post","type-post","status-publish","format-standard","has-post-thumbnail","hentry","category-sin-categoria"],"_links":{"self":[{"href":"https:\/\/radiowebmx.com\/nota\/wp-json\/wp\/v2\/posts\/70362","targetHints":{"allow":["GET"]}}],"collection":[{"href":"https:\/\/radiowebmx.com\/nota\/wp-json\/wp\/v2\/posts"}],"about":[{"href":"https:\/\/radiowebmx.com\/nota\/wp-json\/wp\/v2\/types\/post"}],"author":[{"embeddable":true,"href":"https:\/\/radiowebmx.com\/nota\/wp-json\/wp\/v2\/users\/2"}],"replies":[{"embeddable":true,"href":"https:\/\/radiowebmx.com\/nota\/wp-json\/wp\/v2\/comments?post=70362"}],"version-history":[{"count":1,"href":"https:\/\/radiowebmx.com\/nota\/wp-json\/wp\/v2\/posts\/70362\/revisions"}],"predecessor-version":[{"id":70364,"href":"https:\/\/radiowebmx.com\/nota\/wp-json\/wp\/v2\/posts\/70362\/revisions\/70364"}],"wp:featuredmedia":[{"embeddable":true,"href":"https:\/\/radiowebmx.com\/nota\/wp-json\/wp\/v2\/media\/70363"}],"wp:attachment":[{"href":"https:\/\/radiowebmx.com\/nota\/wp-json\/wp\/v2\/media?parent=70362"}],"wp:term":[{"taxonomy":"category","embeddable":true,"href":"https:\/\/radiowebmx.com\/nota\/wp-json\/wp\/v2\/categories?post=70362"},{"taxonomy":"post_tag","embeddable":true,"href":"https:\/\/radiowebmx.com\/nota\/wp-json\/wp\/v2\/tags?post=70362"}],"curies":[{"name":"wp","href":"https:\/\/api.w.org\/{rel}","templated":true}]}}