{"id":70359,"date":"2021-09-01T22:25:01","date_gmt":"2021-09-02T03:25:01","guid":{"rendered":"https:\/\/radiowebmx.com\/nota\/?p=70359"},"modified":"2021-09-01T22:25:03","modified_gmt":"2021-09-02T03:25:03","slug":"unidad-y-esfuerzo-para-que-morelia-vuelva-a-brillar-convoca-alfonso-martinez-a-su-gabinete","status":"publish","type":"post","link":"https:\/\/radiowebmx.com\/nota\/unidad-y-esfuerzo-para-que-morelia-vuelva-a-brillar-convoca-alfonso-martinez-a-su-gabinete\/","title":{"rendered":"Unidad y esfuerzo para que Morelia vuelva a brillar, convoca Alfonso Mart\u00ednez a su Gabinete"},"content":{"rendered":"\n<p class=\"has-text-align-center\"><strong>*El presidente municipal tom\u00f3 posesi\u00f3n del gobierno municipal 2021-2024<\/strong>.<\/p>\n\n\n\n<p>      Morelia, Michoac\u00e1n., 1 de septiembre de 2021.- Con un llamado a la unidad, Alfonso Mart\u00ednez Alc\u00e1zar, tom\u00f3 posesi\u00f3n como alcalde de Morelia, y convoc\u00f3 a las y los integrantes del Ayuntamiento y las y los funcionarios del gabinete, a poner su mayor esfuerzo para que el municipio vuelva a brillar, desponj\u00e1ndose de colores y servir para alcanzar un mejor pa\u00eds.<\/p>\n\n\n\n<p>      Frente al gobernador de Michoac\u00e1n, Silvano Aureoles Conejo, el presidente nacional del PAN, Marko Cort\u00e9s Mendoza, el dirigente nacional del PRD, Jes\u00fas Zambrano Grijalva, entre otras autoridades estatales, legislativas y de diversos sectores sociales, el presidente municipal expres\u00f3 su benepl\u00e1cito por la nueva oportunidad y afirm\u00f3 llegar con la misma alegr\u00eda pero con mayor experiencia.<\/p>\n\n\n\n<p>     &#8220;Morelia es una ciudad hermosa donde tuve la dicha de nacer. La conozco, la he vivido y la he disfrutado&#8221;, y agreg\u00f3 que para los que aqu\u00ed nacieron y quienes por decisi\u00f3n son morelianos, trabajar\u00e1 con todo el empe\u00f1o.<\/p>\n\n\n\n<p>      Reunidos en un plet\u00f3rico Palacio Clavijero, record\u00f3 que hace 6 a\u00f1os tuvo la oportunidad de gobernar el municipio e impuls\u00f3 la construcci\u00f3n de una instituci\u00f3n plural e incluyente, pero desafortunadamente quienes antecedieron echaron a un caj\u00f3n proyectos de gran visi\u00f3n como Morelia Next, y frenaron el avance que se ten\u00eda.<\/p>\n\n\n\n<p>       Alfonso Mart\u00ednez destac\u00f3 que hoy el municipio est\u00e1 detenido y en algunos temas en retroceso, siendo la seguridad el rubro m\u00e1s alarmante debido a la incidencia delictiva y la falta de seguimiento al fortalecimiento de las corporaciones de seguridad.<\/p>\n\n\n\n<p>      Se\u00f1al\u00f3 que el turismo y la recuperaci\u00f3n econ\u00f3mica solo se lograr\u00e1n en la medida que regrese la tranquilidad, &#8220;mi primera acci\u00f3n de gobierno fue reunirme con mi Polic\u00eda Municipal. A ella le he pedido compromiso, entrega y servicio&#8221;.<\/p>\n\n\n\n<p>      Por otra parte, el presidente municipal indic\u00f3 que Morelia, como el pa\u00eds y el mundo, sufre por una pandemia, por eso, m\u00e1s all\u00e1 de competencias se deben sumar esfuerzos para frenar este flagelo a trav\u00e9s de medidas que coadyuven a contengan la cadena de contagios procurando un equilibrio para no afectar a productores, comerciantes y consumidores.<\/p>\n\n\n\n<p>       Alfonso Mart\u00ednez reconoci\u00f3 que uno de los grandes desaf\u00edos que tocar\u00e1 atender, es el abasto de agua potable, ya que la mayor parte de los pozos se han agotado y el consumo ha crecido junto con el crecimiento de la ciudad; se implementar\u00e1 un plan para resolver este tema y garantizar el abasto, no solo en este trienio, sino para los pr\u00f3ximos 20 a\u00f1os<\/p>\n\n\n\n<p>     A\u00f1adi\u00f3 que darle mantenimiento a las vialidades, es uno de los graves problemas que enfrentan todas las ciudades del mundo, en este sentido,<br>adelant\u00f3 que har\u00e1 la gesti\u00f3n ante el estado y la federaci\u00f3n para que ayuden con su parte y convocar\u00e1 a la participaci\u00f3n ciudadana para rehabilitar y repavimentar m\u00e1s kil\u00f3metros.<\/p>\n\n\n\n<p>     &#8220;No basta tener ganas. Se necesita experiencia, por tal motivo integr\u00e9 a profesionales con capacidad probada&#8221; y resalt\u00f3 que la instrucci\u00f3n a ellos es que se conduzcan con humildad en el servicio y capacidad de soluci\u00f3n.<\/p>\n\n\n\n<p>     Alfonso Mart\u00ednez afirm\u00f3 que estrechar\u00e1 lazos con el Estado y la Federaci\u00f3n, ya que el municipio por s\u00ed solo no puede avanzar si est\u00e1 confrontado, por ello, mantendr\u00e1 comunicaci\u00f3n personal, institucional, directa y permanente con ambas instancias.<\/p>\n\n\n\n<p>     Por \u00faltimo, el alcalde envi\u00f3 un mensaje a su familia que lo ha acompa\u00f1ado en las campa\u00f1as y en el gobierno y que ha tolerado las ausencias de un trabajo que no tiene horarios ni d\u00edas de asueto.<\/p>\n\n\n\n<p>     &#8220;Tenemos muchas asignaturas por resolver, nuestra ciudad nos necesita a todos, hagamos nuestro mayor esfuerzo, sumemos para que \u00a1Morelia vuelva a brillar!&#8221;, finaliz\u00f3.<\/p>\n","protected":false},"excerpt":{"rendered":"<p>*El presidente municipal tom\u00f3 posesi\u00f3n del gobierno municipal 2021-2024. Morelia, Michoac\u00e1n., 1 de septiembre de 2021.- Con un llamado a la unidad, Alfonso Mart\u00ednez Alc\u00e1zar, tom\u00f3 posesi\u00f3n como alcalde de Morelia, y convoc\u00f3 a las y los integrantes del Ayuntamiento y las y los funcionarios del gabinete, a poner su mayor esfuerzo para que el [&hellip;]<\/p>\n","protected":false},"author":2,"featured_media":70360,"comment_status":"closed","ping_status":"closed","sticky":false,"template":"","format":"standard","meta":{"footnotes":""},"categories":[1],"tags":[],"class_list":["post-70359","post","type-post","status-publish","format-standard","has-post-thumbnail","hentry","category-sin-categoria"],"_links":{"self":[{"href":"https:\/\/radiowebmx.com\/nota\/wp-json\/wp\/v2\/posts\/70359","targetHints":{"allow":["GET"]}}],"collection":[{"href":"https:\/\/radiowebmx.com\/nota\/wp-json\/wp\/v2\/posts"}],"about":[{"href":"https:\/\/radiowebmx.com\/nota\/wp-json\/wp\/v2\/types\/post"}],"author":[{"embeddable":true,"href":"https:\/\/radiowebmx.com\/nota\/wp-json\/wp\/v2\/users\/2"}],"replies":[{"embeddable":true,"href":"https:\/\/radiowebmx.com\/nota\/wp-json\/wp\/v2\/comments?post=70359"}],"version-history":[{"count":1,"href":"https:\/\/radiowebmx.com\/nota\/wp-json\/wp\/v2\/posts\/70359\/revisions"}],"predecessor-version":[{"id":70361,"href":"https:\/\/radiowebmx.com\/nota\/wp-json\/wp\/v2\/posts\/70359\/revisions\/70361"}],"wp:featuredmedia":[{"embeddable":true,"href":"https:\/\/radiowebmx.com\/nota\/wp-json\/wp\/v2\/media\/70360"}],"wp:attachment":[{"href":"https:\/\/radiowebmx.com\/nota\/wp-json\/wp\/v2\/media?parent=70359"}],"wp:term":[{"taxonomy":"category","embeddable":true,"href":"https:\/\/radiowebmx.com\/nota\/wp-json\/wp\/v2\/categories?post=70359"},{"taxonomy":"post_tag","embeddable":true,"href":"https:\/\/radiowebmx.com\/nota\/wp-json\/wp\/v2\/tags?post=70359"}],"curies":[{"name":"wp","href":"https:\/\/api.w.org\/{rel}","templated":true}]}}