{"id":70356,"date":"2021-09-01T22:21:39","date_gmt":"2021-09-02T03:21:39","guid":{"rendered":"https:\/\/radiowebmx.com\/nota\/?p=70356"},"modified":"2021-09-01T22:21:40","modified_gmt":"2021-09-02T03:21:40","slug":"una-vez-mas-haremos-de-la-policia-morelia-ejemplo-nacional-alfonso-martinez","status":"publish","type":"post","link":"https:\/\/radiowebmx.com\/nota\/una-vez-mas-haremos-de-la-policia-morelia-ejemplo-nacional-alfonso-martinez\/","title":{"rendered":"Una vez m\u00e1s, haremos de la Polic\u00eda Morelia ejemplo nacional: Alfonso Mart\u00ednez"},"content":{"rendered":"\n<p>     1 de septiembre de 2021.- Con el prop\u00f3sito de convertir a la Polic\u00eda de Morelia en un referente nacional, el presidente municipal, Alfonso Mart\u00ednez Alc\u00e1zar recibi\u00f3 a la corporaci\u00f3n durante una ceremonia en la que tambi\u00e9n se entreg\u00f3 el nombramiento al nuevo comisionado, Alejandro Gonz\u00e1lez Cussi.<\/p>\n\n\n\n<p>     Frente a la catedral y acompa\u00f1ado por su esposa, Paola Delgadillo de Mart\u00ednez, reconoci\u00f3 la labor de la instituci\u00f3n municipal y ofreci\u00f3 todo el respaldo del Gobierno que encabezar\u00e1, para que nuevamente sea una polic\u00eda capacitada y con las herramientas adecuadas para trabajar.<\/p>\n\n\n\n<p>     Al t\u00e9rmino de la ceremonia, Alfonso Mart\u00ednez salud\u00f3 a los elementos presentes quienes rindieron honores y se pusieron a disposici\u00f3n para garantizar la seguridad de los morelianos.<\/p>\n","protected":false},"excerpt":{"rendered":"<p>1 de septiembre de 2021.- Con el prop\u00f3sito de convertir a la Polic\u00eda de Morelia en un referente nacional, el presidente municipal, Alfonso Mart\u00ednez Alc\u00e1zar recibi\u00f3 a la corporaci\u00f3n durante una ceremonia en la que tambi\u00e9n se entreg\u00f3 el nombramiento al nuevo comisionado, Alejandro Gonz\u00e1lez Cussi. Frente a la catedral y acompa\u00f1ado por su esposa, [&hellip;]<\/p>\n","protected":false},"author":2,"featured_media":70357,"comment_status":"closed","ping_status":"closed","sticky":false,"template":"","format":"standard","meta":{"footnotes":""},"categories":[1],"tags":[],"class_list":["post-70356","post","type-post","status-publish","format-standard","has-post-thumbnail","hentry","category-sin-categoria"],"_links":{"self":[{"href":"https:\/\/radiowebmx.com\/nota\/wp-json\/wp\/v2\/posts\/70356","targetHints":{"allow":["GET"]}}],"collection":[{"href":"https:\/\/radiowebmx.com\/nota\/wp-json\/wp\/v2\/posts"}],"about":[{"href":"https:\/\/radiowebmx.com\/nota\/wp-json\/wp\/v2\/types\/post"}],"author":[{"embeddable":true,"href":"https:\/\/radiowebmx.com\/nota\/wp-json\/wp\/v2\/users\/2"}],"replies":[{"embeddable":true,"href":"https:\/\/radiowebmx.com\/nota\/wp-json\/wp\/v2\/comments?post=70356"}],"version-history":[{"count":1,"href":"https:\/\/radiowebmx.com\/nota\/wp-json\/wp\/v2\/posts\/70356\/revisions"}],"predecessor-version":[{"id":70358,"href":"https:\/\/radiowebmx.com\/nota\/wp-json\/wp\/v2\/posts\/70356\/revisions\/70358"}],"wp:featuredmedia":[{"embeddable":true,"href":"https:\/\/radiowebmx.com\/nota\/wp-json\/wp\/v2\/media\/70357"}],"wp:attachment":[{"href":"https:\/\/radiowebmx.com\/nota\/wp-json\/wp\/v2\/media?parent=70356"}],"wp:term":[{"taxonomy":"category","embeddable":true,"href":"https:\/\/radiowebmx.com\/nota\/wp-json\/wp\/v2\/categories?post=70356"},{"taxonomy":"post_tag","embeddable":true,"href":"https:\/\/radiowebmx.com\/nota\/wp-json\/wp\/v2\/tags?post=70356"}],"curies":[{"name":"wp","href":"https:\/\/api.w.org\/{rel}","templated":true}]}}