{"id":70353,"date":"2021-09-01T22:18:37","date_gmt":"2021-09-02T03:18:37","guid":{"rendered":"https:\/\/radiowebmx.com\/nota\/?p=70353"},"modified":"2021-09-01T22:18:39","modified_gmt":"2021-09-02T03:18:39","slug":"amlo-acabo-con-el-negocio-del-poder-y-devolvio-el-gobierno-al-pueblo-bedolla","status":"publish","type":"post","link":"https:\/\/radiowebmx.com\/nota\/amlo-acabo-con-el-negocio-del-poder-y-devolvio-el-gobierno-al-pueblo-bedolla\/","title":{"rendered":"AMLO acab\u00f3 con el negocio del poder, y devolvi\u00f3 el gobierno al pueblo: Bedolla"},"content":{"rendered":"\n<p>      Morelia, Michoac\u00e1n, 01 de septiembre del 2021.- A la mitad de su mandato constitucional, el Presidente Andr\u00e9s Manuel L\u00f3pez Obrador ha logrado importantes avances en la separaci\u00f3n del poder econ\u00f3mico del poder p\u00fablico, para que el gobierno deje de ser negocio de unos cuantos y est\u00e9 al servicio de la mayor\u00eda de mexicanas y mexicanos, afirm\u00f3 el gobernador electo de Michoac\u00e1n Alfredo Ram\u00edrez Bedolla.<\/p>\n\n\n\n<p>       A prop\u00f3sito del tercer informe de gobierno de L\u00f3pez Obrador, el gobernador electo a\u00f1adi\u00f3 que otro logro significativo de la 4T es la restauraci\u00f3n de la soberan\u00eda energ\u00e9tica al frenar el saqueo de industrias como la petrolera, el\u00e9ctrica y minera a manos de empresas transnacionales.<\/p>\n\n\n\n<p>      Alfredo Ram\u00edrez dijo que en tres a\u00f1os de mandato, AMLO ha devuelto al gobierno su vocaci\u00f3n de servicio al pueblo de M\u00e9xico, ya que 70 por ciento de los hogares en el pa\u00eds recibe alg\u00fan beneficio de las pol\u00edticas p\u00fablicas; &#8220;se han sentado bases s\u00f3lidas para un Estado de bienestar&#8221;, manifest\u00f3.<\/p>\n\n\n\n<p>      Respecto a la relaci\u00f3n del Gobierno de M\u00e9xico con Michoac\u00e1n, Ram\u00edrez Bedolla agradeci\u00f3 al Presidente que por instrucci\u00f3n suya ha podido iniciar gestiones con m\u00e1s de 20 dependencias federales, y comenzar as\u00ed a reestablecer la coordinaci\u00f3n en beneficio de las michoacanas y michoacanos.<\/p>\n","protected":false},"excerpt":{"rendered":"<p>Morelia, Michoac\u00e1n, 01 de septiembre del 2021.- A la mitad de su mandato constitucional, el Presidente Andr\u00e9s Manuel L\u00f3pez Obrador ha logrado importantes avances en la separaci\u00f3n del poder econ\u00f3mico del poder p\u00fablico, para que el gobierno deje de ser negocio de unos cuantos y est\u00e9 al servicio de la mayor\u00eda de mexicanas y mexicanos, [&hellip;]<\/p>\n","protected":false},"author":2,"featured_media":70354,"comment_status":"closed","ping_status":"closed","sticky":false,"template":"","format":"standard","meta":{"footnotes":""},"categories":[1],"tags":[],"class_list":["post-70353","post","type-post","status-publish","format-standard","has-post-thumbnail","hentry","category-sin-categoria"],"_links":{"self":[{"href":"https:\/\/radiowebmx.com\/nota\/wp-json\/wp\/v2\/posts\/70353","targetHints":{"allow":["GET"]}}],"collection":[{"href":"https:\/\/radiowebmx.com\/nota\/wp-json\/wp\/v2\/posts"}],"about":[{"href":"https:\/\/radiowebmx.com\/nota\/wp-json\/wp\/v2\/types\/post"}],"author":[{"embeddable":true,"href":"https:\/\/radiowebmx.com\/nota\/wp-json\/wp\/v2\/users\/2"}],"replies":[{"embeddable":true,"href":"https:\/\/radiowebmx.com\/nota\/wp-json\/wp\/v2\/comments?post=70353"}],"version-history":[{"count":1,"href":"https:\/\/radiowebmx.com\/nota\/wp-json\/wp\/v2\/posts\/70353\/revisions"}],"predecessor-version":[{"id":70355,"href":"https:\/\/radiowebmx.com\/nota\/wp-json\/wp\/v2\/posts\/70353\/revisions\/70355"}],"wp:featuredmedia":[{"embeddable":true,"href":"https:\/\/radiowebmx.com\/nota\/wp-json\/wp\/v2\/media\/70354"}],"wp:attachment":[{"href":"https:\/\/radiowebmx.com\/nota\/wp-json\/wp\/v2\/media?parent=70353"}],"wp:term":[{"taxonomy":"category","embeddable":true,"href":"https:\/\/radiowebmx.com\/nota\/wp-json\/wp\/v2\/categories?post=70353"},{"taxonomy":"post_tag","embeddable":true,"href":"https:\/\/radiowebmx.com\/nota\/wp-json\/wp\/v2\/tags?post=70353"}],"curies":[{"name":"wp","href":"https:\/\/api.w.org\/{rel}","templated":true}]}}