{"id":70350,"date":"2021-08-31T21:15:06","date_gmt":"2021-09-01T02:15:06","guid":{"rendered":"https:\/\/radiowebmx.com\/nota\/?p=70350"},"modified":"2021-08-31T21:15:07","modified_gmt":"2021-09-01T02:15:07","slug":"entrega-grisel-tello-mas-de-5-toneladas-de-viveres-en-municipios-afectados-por-huracan-nora","status":"publish","type":"post","link":"https:\/\/radiowebmx.com\/nota\/entrega-grisel-tello-mas-de-5-toneladas-de-viveres-en-municipios-afectados-por-huracan-nora\/","title":{"rendered":"Entrega Grisel Tello m\u00e1s de 5 toneladas de v\u00edveres en municipios afectados por hurac\u00e1n Nora"},"content":{"rendered":"\n<p>     Michoac\u00e1n, 31 de agosto del 2021.- Gisell Tello Pimentel entreg\u00f3 m\u00e1s de cinco toneladas de v\u00edveres en comunidades afectadas por el paso del Hurac\u00e1n \u201cNora\u201d, y agradeci\u00f3 el apoyo de las michoacanas y michoacanos que han acudido a los centros de acopio para solidarizarse con las y los damnificados.<\/p>\n\n\n\n<p>      Un d\u00eda despu\u00e9s de que el gobernador electo Alfredo Ram\u00edrez Bedolla instalara un centro de acopio en Morelia, y pusiera en marcha la Jornada de solidaridad con damnificados, su esposa Grisel Tello visit\u00f3 este martes el municipio de L\u00e1zaro C\u00e1rdenas, d\u00f3nde junto con la alcaldesa Itz\u00e9 Camacho entregaron alimentos, art\u00edculos de higiene personal, enseres de limpieza, ropa y cobijas.<\/p>\n\n\n\n<p>      La ayuda solidaria de las michoacanas y michoacanos se distribuy\u00f3 en localidades como; La Huerta, Valle Bonito y La Tamarindera, en tenencia de La Mira; el Cobanito de Acalpican de Morelos y Cerrito de \u00c1lvarez, de la tenencia de Playa Azul. Tambi\u00e9n fueron enviados apoyos al municipio de Arteaga.<\/p>\n\n\n\n<p>    \u201cTodo lo recolectado fue donado por la ciudadan\u00eda, empresas, empresarios, diputados y activistas. Agradezco la gran respuesta y buena voluntad de las y los michoacanos para apoyar a las familias que hoy nos necesitan\u201d expres\u00f3.<\/p>\n\n\n\n<p>\u201cHay colonias&nbsp;en donde las calles quedaron borradas por los desbordamientos de r\u00edos y canales; en otras partes, el agua subi\u00f3 cerca de metro y medio, por lo que las familias perdieron sus enseres, aparatos el\u00e9ctricos, muebles y ropa\u201d, refiri\u00f3 Grisel despu\u00e9s del recorrido en las zonas afectadas, y convoc\u00f3 a ciudadanos a seguir donando para apoyar a damnificados.<\/p>\n\n\n\n<p>    Con el apoyo del Comit\u00e9 \u201cJuventud es Michoac\u00e1n\u201d se han instalado centros de acopio en diversos municipios, d\u00f3nde igual que en Morelia, se recibir\u00e1n donativos durante toda la semana en horario de 9:00 a 19:00 horas.<\/p>\n","protected":false},"excerpt":{"rendered":"<p>Michoac\u00e1n, 31 de agosto del 2021.- Gisell Tello Pimentel entreg\u00f3 m\u00e1s de cinco toneladas de v\u00edveres en comunidades afectadas por el paso del Hurac\u00e1n \u201cNora\u201d, y agradeci\u00f3 el apoyo de las michoacanas y michoacanos que han acudido a los centros de acopio para solidarizarse con las y los damnificados. Un d\u00eda despu\u00e9s de que el [&hellip;]<\/p>\n","protected":false},"author":2,"featured_media":70351,"comment_status":"closed","ping_status":"closed","sticky":false,"template":"","format":"standard","meta":{"footnotes":""},"categories":[1],"tags":[],"class_list":["post-70350","post","type-post","status-publish","format-standard","has-post-thumbnail","hentry","category-sin-categoria"],"_links":{"self":[{"href":"https:\/\/radiowebmx.com\/nota\/wp-json\/wp\/v2\/posts\/70350","targetHints":{"allow":["GET"]}}],"collection":[{"href":"https:\/\/radiowebmx.com\/nota\/wp-json\/wp\/v2\/posts"}],"about":[{"href":"https:\/\/radiowebmx.com\/nota\/wp-json\/wp\/v2\/types\/post"}],"author":[{"embeddable":true,"href":"https:\/\/radiowebmx.com\/nota\/wp-json\/wp\/v2\/users\/2"}],"replies":[{"embeddable":true,"href":"https:\/\/radiowebmx.com\/nota\/wp-json\/wp\/v2\/comments?post=70350"}],"version-history":[{"count":1,"href":"https:\/\/radiowebmx.com\/nota\/wp-json\/wp\/v2\/posts\/70350\/revisions"}],"predecessor-version":[{"id":70352,"href":"https:\/\/radiowebmx.com\/nota\/wp-json\/wp\/v2\/posts\/70350\/revisions\/70352"}],"wp:featuredmedia":[{"embeddable":true,"href":"https:\/\/radiowebmx.com\/nota\/wp-json\/wp\/v2\/media\/70351"}],"wp:attachment":[{"href":"https:\/\/radiowebmx.com\/nota\/wp-json\/wp\/v2\/media?parent=70350"}],"wp:term":[{"taxonomy":"category","embeddable":true,"href":"https:\/\/radiowebmx.com\/nota\/wp-json\/wp\/v2\/categories?post=70350"},{"taxonomy":"post_tag","embeddable":true,"href":"https:\/\/radiowebmx.com\/nota\/wp-json\/wp\/v2\/tags?post=70350"}],"curies":[{"name":"wp","href":"https:\/\/api.w.org\/{rel}","templated":true}]}}