{"id":70347,"date":"2021-08-31T21:12:19","date_gmt":"2021-09-01T02:12:19","guid":{"rendered":"https:\/\/radiowebmx.com\/nota\/?p=70347"},"modified":"2021-08-31T21:12:21","modified_gmt":"2021-09-01T02:12:21","slug":"bedolla-propone-una-secretaria-del-migrante-que-atienda-la-migracion-de-forma-integral","status":"publish","type":"post","link":"https:\/\/radiowebmx.com\/nota\/bedolla-propone-una-secretaria-del-migrante-que-atienda-la-migracion-de-forma-integral\/","title":{"rendered":"Bedolla propone una Secretar\u00eda del Migrante que atienda la migraci\u00f3n de forma integral"},"content":{"rendered":"\n<p class=\"has-text-align-center\"><strong>\u2022 Tambi\u00e9n debe considerar la migraci\u00f3n que tiene como objetivo el intercambio de conocimientos y experiencias, se\u00f1al\u00f3 el gobernador electo<\/strong><\/p>\n\n\n\n<p>      Morelia, Michoac\u00e1n, 31 de agosto del 2021.- El gobernador electo Alfredo Ram\u00edrez Bedolla, en respuesta a las demandas de migrantes, propuso al Congreso del Estado que en la reforma a la Ley Org\u00e1nica de la Administraci\u00f3n P\u00fablica del Estado de Michoac\u00e1n se conserve la Secretar\u00eda encargada de las pol\u00edticas p\u00fablicas en materia migratoria.<\/p>\n\n\n\n<p>      Sin embargo, dijo que la Secretar\u00eda del Migrante (Semigrante) debe trabajar con una perspectiva integral; es decir, que se ocupe no s\u00f3lo de las michoacanas y michoacanos que radican fuera del estado , sino tambi\u00e9n de los que llegan a Michoac\u00e1n procedentes de otras entidades o pa\u00edses, como los jornaleros agr\u00edcolas.<\/p>\n\n\n\n<p>      A\u00f1adi\u00f3 que la Semigrante tambi\u00e9n debe concebir a la migraci\u00f3n como un proceso de intercambio de capacidades y conocimientos, y desde esta concepci\u00f3n podr\u00eda generar alternativas de capacitaci\u00f3n y profesionalizaci\u00f3n m\u00e1s all\u00e1 de nuestras fronteras.<\/p>\n\n\n\n<p>      El gobernador electo inform\u00f3 que present\u00f3 al Congreso del Estado un documento en el que solicita se considere, dentro de la nueva Ley de Administraci\u00f3n P\u00fablica, mantener la Secretar\u00eda del Migrante.<\/p>\n\n\n\n<p>     La determinaci\u00f3n, se\u00f1al\u00f3, se di\u00f3 tras un an\u00e1lisis estructural del papel que juega el migrante en Michoac\u00e1n y de las voces de los paisanos que piden exista una instancia que atienda sus propuestas e inquietudes.<\/p>\n","protected":false},"excerpt":{"rendered":"<p>\u2022 Tambi\u00e9n debe considerar la migraci\u00f3n que tiene como objetivo el intercambio de conocimientos y experiencias, se\u00f1al\u00f3 el gobernador electo Morelia, Michoac\u00e1n, 31 de agosto del 2021.- El gobernador electo Alfredo Ram\u00edrez Bedolla, en respuesta a las demandas de migrantes, propuso al Congreso del Estado que en la reforma a la Ley Org\u00e1nica de la [&hellip;]<\/p>\n","protected":false},"author":2,"featured_media":70348,"comment_status":"closed","ping_status":"closed","sticky":false,"template":"","format":"standard","meta":{"footnotes":""},"categories":[1],"tags":[],"class_list":["post-70347","post","type-post","status-publish","format-standard","has-post-thumbnail","hentry","category-sin-categoria"],"_links":{"self":[{"href":"https:\/\/radiowebmx.com\/nota\/wp-json\/wp\/v2\/posts\/70347","targetHints":{"allow":["GET"]}}],"collection":[{"href":"https:\/\/radiowebmx.com\/nota\/wp-json\/wp\/v2\/posts"}],"about":[{"href":"https:\/\/radiowebmx.com\/nota\/wp-json\/wp\/v2\/types\/post"}],"author":[{"embeddable":true,"href":"https:\/\/radiowebmx.com\/nota\/wp-json\/wp\/v2\/users\/2"}],"replies":[{"embeddable":true,"href":"https:\/\/radiowebmx.com\/nota\/wp-json\/wp\/v2\/comments?post=70347"}],"version-history":[{"count":1,"href":"https:\/\/radiowebmx.com\/nota\/wp-json\/wp\/v2\/posts\/70347\/revisions"}],"predecessor-version":[{"id":70349,"href":"https:\/\/radiowebmx.com\/nota\/wp-json\/wp\/v2\/posts\/70347\/revisions\/70349"}],"wp:featuredmedia":[{"embeddable":true,"href":"https:\/\/radiowebmx.com\/nota\/wp-json\/wp\/v2\/media\/70348"}],"wp:attachment":[{"href":"https:\/\/radiowebmx.com\/nota\/wp-json\/wp\/v2\/media?parent=70347"}],"wp:term":[{"taxonomy":"category","embeddable":true,"href":"https:\/\/radiowebmx.com\/nota\/wp-json\/wp\/v2\/categories?post=70347"},{"taxonomy":"post_tag","embeddable":true,"href":"https:\/\/radiowebmx.com\/nota\/wp-json\/wp\/v2\/tags?post=70347"}],"curies":[{"name":"wp","href":"https:\/\/api.w.org\/{rel}","templated":true}]}}