{"id":70344,"date":"2021-08-31T21:10:26","date_gmt":"2021-09-01T02:10:26","guid":{"rendered":"https:\/\/radiowebmx.com\/nota\/?p=70344"},"modified":"2021-08-31T21:10:27","modified_gmt":"2021-09-01T02:10:27","slug":"empresas-pagaran-reconstruccion-y-rehabilitacion-de-linea-12","status":"publish","type":"post","link":"https:\/\/radiowebmx.com\/nota\/empresas-pagaran-reconstruccion-y-rehabilitacion-de-linea-12\/","title":{"rendered":"Empresas pagar\u00e1n reconstrucci\u00f3n y rehabilitaci\u00f3n de L\u00ednea 12"},"content":{"rendered":"\n<p>    CIUDAD DE M\u00c9XICO.- La jefa de Gobierno de la Ciudad de M\u00e9xico, Claudia Sheinbaum anunci\u00f3 el inicio de los trabajos de reconstrucci\u00f3n y rehabilitaci\u00f3n de la L\u00ednea 12 del Sistema de Transporte Colectivo, la cual dej\u00f3 de funcionar el pasado 3 de mayo a ra\u00edz del incidente que cost\u00f3 la vida a 26 personas.<\/p>\n\n\n\n<p>   Despu\u00e9s de presentar las recomendaciones del Comit\u00e9 T\u00e9cnico de Refuerzo y Rehabilitaci\u00f3n de la L\u00ednea 12 del Metro, la mandataria capitalina se\u00f1al\u00f3 que esta semana comenzar\u00e1n los estudios topogr\u00e1ficos para posteriormente elaborar el proyecto ejecutivo que -en un a\u00f1o- pondr\u00e1 nuevamente en operaci\u00f3n a la L\u00ednea Dorada.<\/p>\n\n\n\n<blockquote class=\"wp-block-quote is-layout-flow wp-block-quote-is-layout-flow\"><p>    Todas las empresas que participaron en la construcci\u00f3n de la L\u00ednea 12 han decidido participar en el proceso de refuerzo y rehabilitaci\u00f3n, tanto la empresa que hizo la parte met\u00e1lica como quien hizo el t\u00fanel, como quien puso la red electromec\u00e1nica, como los que suministraron los trenes; entonces, van a participar en este\u2026 poner al 100 la L\u00ednea 12 para que pueda iniciar su operaci\u00f3n lo m\u00e1s pronto posible, con recursos, an\u00e1lisis, ingenier\u00eda\u201d, se\u00f1al\u00f3 Claudia Sheinbaum.<\/p><\/blockquote>\n\n\n\n<p>Con base en los estudios realizados el Comit\u00e9 T\u00e9cnico Asesor (CTA) sugiri\u00f3 -para el tramo elevado- seis acciones entre las que destacan:<\/p>\n\n\n\n<ul class=\"wp-block-list\"><li>La reconstrucci\u00f3n del claro colapsado con base en tres vigas met\u00e1licas tipo caj\u00f3n y un sistema de piso prefabricado unido con secciones canal soldadas al pat\u00edn superior de dichas vigas.<\/li><li>La revisi\u00f3n del tramo gemelo y en caso necesario reforzarlo o sustituirlo<\/li><li>El reforzamiento de las columnas de concreto mediante encamisados de fibra de carbono para incrementar su capacidad estructural previa reparaci\u00f3n local y\/o inyecci\u00f3n de grietas<\/li><li>Realizar el apuntalamiento met\u00e1lico de diferentes tramos de la parte elevada que consistir\u00e1n -entre otras cosas- en la instalaci\u00f3n de topes s\u00edsmicos auxiliares a los existentes y de diafragmas met\u00e1licos verticales y horizontales.<\/li><\/ul>\n\n\n\n<p>El procedimiento y el personal que lleve a cabo los trabajos deben de cumplir con la norma correspondiente a la AWS \u2013American Welding Society\u2013, y deber\u00e1n estar certificados por la misma.<\/p>\n\n\n\n<p>   Sobre el tramo subterr\u00e1neo los expertos indicaron que no se encontr\u00f3 evidencia que permita suponer que el t\u00fanel est\u00e1 sujeto a riesgo de da\u00f1o o colapso estructural, ni en el corto ni en el largo plazo.<\/p>\n\n\n\n<p>   Para este caso recomendaron el cambio de v\u00eda en siete curvas, la reparaci\u00f3n en zonas con filtraciones y la rehabilitaci\u00f3n del sistema de drenaje.<\/p>\n\n\n\n<blockquote class=\"wp-block-quote is-layout-flow wp-block-quote-is-layout-flow\"><p>    Para la reapertura de la l\u00ednea, se recomienda en todo la renivelaci\u00f3n y realineaci\u00f3n de la v\u00eda; sustituci\u00f3n de durmientes de madera por concreto en aparatos de v\u00eda; y, se recomienda la inspecci\u00f3n de los durmientes de madera de los aparatos de v\u00eda; aquellos que se encuentren deteriorados deber\u00e1n de ser sustituidos por unos de concreto\u201d, detall\u00f3 Jes\u00fas Esteva, secretario de Obras y Servicios CDMX.<\/p><\/blockquote>\n\n\n\n<p>    El CTA tambi\u00e9n consider\u00f3 necesaria la instalaci\u00f3n de modificadores de fricci\u00f3n con el prop\u00f3sito de reducir el desgaste de rieles y ruedas de los trenes, adem\u00e1s de que dijo, se requiere hacer una rehabilitaci\u00f3n integral de los componentes de v\u00edas, la se\u00f1alizaci\u00f3n, la catenaria y dem\u00e1s instalaciones el\u00e9ctricas y electr\u00f3nicas da\u00f1adas por el colapso.<\/p>\n\n\n\n<blockquote class=\"wp-block-quote is-layout-flow wp-block-quote-is-layout-flow\"><p>    Cada semana, va a haber un informe \u2013por parte del secretario de Obras y del director general del Metro\u2013 de los avances de la L\u00ednea 12, y tambi\u00e9n visitas \u2013por supuesto\u2013 t\u00e9cnicas a la obra. Lo m\u00e1s importante es que quede una obra&#8230; un sistema seguro, una l\u00ednea segura y que inicien ya las construcciones, con base en estas notas t\u00e9cnicas y el desarrollo de algunos proyectos ejecutivos m\u00e1s detallados que tienen que iniciarse\u201d, explic\u00f3 la jefa de Gobierno.<\/p><\/blockquote>\n\n\n\n<p>    Sheinbaum Pardo dio a conocer que los recursos que se eroguen por la rehabilitaci\u00f3n y reconstrucci\u00f3n de la L\u00ednea 12 del Metro, inaugurada en 2012 por el ahora secretario de Relaciones Exteriores, Marcelo Ebrard, ser\u00e1n absorbidos por las empresas que en su momento la edificaron, entre las que se encuentran Carso, ICA y Alston.<\/p>\n","protected":false},"excerpt":{"rendered":"<p>CIUDAD DE M\u00c9XICO.- La jefa de Gobierno de la Ciudad de M\u00e9xico, Claudia Sheinbaum anunci\u00f3 el inicio de los trabajos de reconstrucci\u00f3n y rehabilitaci\u00f3n de la L\u00ednea 12 del Sistema de Transporte Colectivo, la cual dej\u00f3 de funcionar el pasado 3 de mayo a ra\u00edz del incidente que cost\u00f3 la vida a 26 personas. Despu\u00e9s [&hellip;]<\/p>\n","protected":false},"author":2,"featured_media":70345,"comment_status":"closed","ping_status":"closed","sticky":false,"template":"","format":"standard","meta":{"footnotes":""},"categories":[1],"tags":[],"class_list":["post-70344","post","type-post","status-publish","format-standard","has-post-thumbnail","hentry","category-sin-categoria"],"_links":{"self":[{"href":"https:\/\/radiowebmx.com\/nota\/wp-json\/wp\/v2\/posts\/70344","targetHints":{"allow":["GET"]}}],"collection":[{"href":"https:\/\/radiowebmx.com\/nota\/wp-json\/wp\/v2\/posts"}],"about":[{"href":"https:\/\/radiowebmx.com\/nota\/wp-json\/wp\/v2\/types\/post"}],"author":[{"embeddable":true,"href":"https:\/\/radiowebmx.com\/nota\/wp-json\/wp\/v2\/users\/2"}],"replies":[{"embeddable":true,"href":"https:\/\/radiowebmx.com\/nota\/wp-json\/wp\/v2\/comments?post=70344"}],"version-history":[{"count":1,"href":"https:\/\/radiowebmx.com\/nota\/wp-json\/wp\/v2\/posts\/70344\/revisions"}],"predecessor-version":[{"id":70346,"href":"https:\/\/radiowebmx.com\/nota\/wp-json\/wp\/v2\/posts\/70344\/revisions\/70346"}],"wp:featuredmedia":[{"embeddable":true,"href":"https:\/\/radiowebmx.com\/nota\/wp-json\/wp\/v2\/media\/70345"}],"wp:attachment":[{"href":"https:\/\/radiowebmx.com\/nota\/wp-json\/wp\/v2\/media?parent=70344"}],"wp:term":[{"taxonomy":"category","embeddable":true,"href":"https:\/\/radiowebmx.com\/nota\/wp-json\/wp\/v2\/categories?post=70344"},{"taxonomy":"post_tag","embeddable":true,"href":"https:\/\/radiowebmx.com\/nota\/wp-json\/wp\/v2\/tags?post=70344"}],"curies":[{"name":"wp","href":"https:\/\/api.w.org\/{rel}","templated":true}]}}