{"id":70341,"date":"2021-08-31T21:05:17","date_gmt":"2021-09-01T02:05:17","guid":{"rendered":"https:\/\/radiowebmx.com\/nota\/?p=70341"},"modified":"2021-08-31T21:05:19","modified_gmt":"2021-09-01T02:05:19","slug":"nuevo-cambio-en-ruta-del-tren-maya-en-yucatan-no-entrara-a-merida","status":"publish","type":"post","link":"https:\/\/radiowebmx.com\/nota\/nuevo-cambio-en-ruta-del-tren-maya-en-yucatan-no-entrara-a-merida\/","title":{"rendered":"Nuevo cambio en ruta del Tren Maya en Yucat\u00e1n: no entrar\u00e1 a M\u00e9rida"},"content":{"rendered":"\n<p>      El Fondo Nacional de Fomento al Turismo (Fonatur) confirm\u00f3 un nuevo cambio en la ruta del Tren Maya en el estado de Yucat\u00e1n, donde la obra no entrar\u00e1 a la ciudad de M\u00e9rida, como se ten\u00eda previsto anteriormente.<\/p>\n\n\n\n<p>   De acuerdo con las propias autoridades encargadas del tren, para eficientar el tiempo de construcci\u00f3n \u201cera necesario modificar la ruta, pues se deben evitar problem\u00e1ticas en temas de construcci\u00f3n y movilidad al interior de la ciudad\u201d, pues se pretende concluir la obra para 2024.<\/p>\n\n\n\n<p>     Esto implica que por ahora no se iniciar\u00e1 la construcci\u00f3n de la estaci\u00f3n de La Plancha, y que la estaci\u00f3n del Tren Maya la ciudad se ubique en la zona de Teya.<\/p>\n\n\n\n<p>       \u201cLa administraci\u00f3n actual dejar\u00e1 integrados los proyectos alrededor de la estaci\u00f3n ubicada en el pol\u00edgono conocido como La Plancha, as\u00ed como las obras secundarias que se contemplaban en esta zona, para su consideraci\u00f3n y posible construcci\u00f3n en los pr\u00f3ximos a\u00f1os por las instancias correspondientes\u201d, detall\u00f3 Fonatur en un comunicado.<\/p>\n","protected":false},"excerpt":{"rendered":"<p>El Fondo Nacional de Fomento al Turismo (Fonatur) confirm\u00f3 un nuevo cambio en la ruta del Tren Maya en el estado de Yucat\u00e1n, donde la obra no entrar\u00e1 a la ciudad de M\u00e9rida, como se ten\u00eda previsto anteriormente. De acuerdo con las propias autoridades encargadas del tren, para eficientar el tiempo de construcci\u00f3n \u201cera necesario [&hellip;]<\/p>\n","protected":false},"author":2,"featured_media":70342,"comment_status":"closed","ping_status":"closed","sticky":false,"template":"","format":"standard","meta":{"footnotes":""},"categories":[1],"tags":[],"class_list":["post-70341","post","type-post","status-publish","format-standard","has-post-thumbnail","hentry","category-sin-categoria"],"_links":{"self":[{"href":"https:\/\/radiowebmx.com\/nota\/wp-json\/wp\/v2\/posts\/70341","targetHints":{"allow":["GET"]}}],"collection":[{"href":"https:\/\/radiowebmx.com\/nota\/wp-json\/wp\/v2\/posts"}],"about":[{"href":"https:\/\/radiowebmx.com\/nota\/wp-json\/wp\/v2\/types\/post"}],"author":[{"embeddable":true,"href":"https:\/\/radiowebmx.com\/nota\/wp-json\/wp\/v2\/users\/2"}],"replies":[{"embeddable":true,"href":"https:\/\/radiowebmx.com\/nota\/wp-json\/wp\/v2\/comments?post=70341"}],"version-history":[{"count":1,"href":"https:\/\/radiowebmx.com\/nota\/wp-json\/wp\/v2\/posts\/70341\/revisions"}],"predecessor-version":[{"id":70343,"href":"https:\/\/radiowebmx.com\/nota\/wp-json\/wp\/v2\/posts\/70341\/revisions\/70343"}],"wp:featuredmedia":[{"embeddable":true,"href":"https:\/\/radiowebmx.com\/nota\/wp-json\/wp\/v2\/media\/70342"}],"wp:attachment":[{"href":"https:\/\/radiowebmx.com\/nota\/wp-json\/wp\/v2\/media?parent=70341"}],"wp:term":[{"taxonomy":"category","embeddable":true,"href":"https:\/\/radiowebmx.com\/nota\/wp-json\/wp\/v2\/categories?post=70341"},{"taxonomy":"post_tag","embeddable":true,"href":"https:\/\/radiowebmx.com\/nota\/wp-json\/wp\/v2\/tags?post=70341"}],"curies":[{"name":"wp","href":"https:\/\/api.w.org\/{rel}","templated":true}]}}