{"id":70338,"date":"2021-08-31T21:00:56","date_gmt":"2021-09-01T02:00:56","guid":{"rendered":"https:\/\/radiowebmx.com\/nota\/?p=70338"},"modified":"2021-08-31T21:00:57","modified_gmt":"2021-09-01T02:00:57","slug":"diputados-federales-del-pan-bloque-de-contencion-historico-para-michoacan","status":"publish","type":"post","link":"https:\/\/radiowebmx.com\/nota\/diputados-federales-del-pan-bloque-de-contencion-historico-para-michoacan\/","title":{"rendered":"Diputados Federales del PAN, bloque de contenci\u00f3n hist\u00f3rico para Michoac\u00e1n"},"content":{"rendered":"\n<p>     <em><strong>Este domingo tomaron protesta seis legisladores de Acci\u00f3n Nacional que impulsar\u00e1n la asignaci\u00f3n de recursos necesarios para las familias michoacanas.\u00a0<\/strong><\/em><br>    <em><strong>Se luchar\u00e1 por evitar que Michoac\u00e1n retroceda como los estados gobernados por Morena; los m\u00e1s inseguros y con la menor generaci\u00f3n de empleo en el pa\u00eds. \u00a0<\/strong><\/em><br>    <em><strong>Salud, econom\u00eda, seguridad, defensa de las instituciones, transparencia y rendici\u00f3n de cuentas se encuentran dentro de los temas principales.<\/strong><\/em><\/p>\n\n\n\n<p>      Con el compromiso de evitar que Michoac\u00e1n retroceda como los estados que son gobernados por Morena y rescatar los programas como el Seguro Popular y Estancias Infantiles, as\u00ed como los recursos federales para los municipios, Berenice Ju\u00e1rez Navarrete, Anabey Garc\u00eda Velazco, Enrique God\u00ednez del Rio, Rodrigo S\u00e1nchez Zepeda, Carlos Quintana Mart\u00ednez y Armando Tejeda Cid, rindieron protesta como diputados federales de la 65 legislatura del Congreso de la Uni\u00f3n.<\/p>\n\n\n\n<p>      Tras sostener una reuni\u00f3n con el dirigente nacional del PAN, Marko Cort\u00e9s Mendoza, quien asegur\u00f3 que el bloque de contenci\u00f3n que tendr\u00e1 Michoac\u00e1n es hist\u00f3rico, los reci\u00e9n nombrados diputados federales, aseguraron, que en caso de que la autoridad electoral determine que Morena encabece la administraci\u00f3n estatal, estar\u00e1n pendientes de las decisiones del nuevo gobierno, donde se\u00f1alar\u00e1n los cambios que representen un retroceso, pero reconocer\u00e1n las buenas acciones, por lo que dijeron estar listos para trabajar de manera conjunta con la nueva administraci\u00f3n, a fin de evitar que la entidad registre retrasos como la Ciudad de M\u00e9xico, Veracruz, Chiapas, Tabasco, Morelos, Puebla y Baja California, gobernados por Morena.<\/p>\n\n\n\n<p>\u201cSeremos una oposici\u00f3n responsable y le decimos al nuevo gobierno de Michoac\u00e1n que estamos listos para trabajar por el bien de nuestro estado. Somos aliados del pr\u00f3ximo gobierno, desde aqu\u00ed le hacemos un llamado para que trabajemos de manera conjunta, porque cuando se encabeza una administraci\u00f3n o se representa a la poblaci\u00f3n deben dejarse a un lado los colores y partidos. Michoac\u00e1n nos requiere unidos\u201d, expresaron.<\/p>\n\n\n\n<p>     Luego de rendir protesta como diputados federales para los pr\u00f3ximos tres a\u00f1os, los michoacanos, indicaron que dentro de los temas prioritarios se encuentra la defensa por una salud de calidad; regresar los recursos federales para el campo y la seguridad; transparencia en los programas sociales; defensa de las instituciones, as\u00ed como la recuperaci\u00f3n econ\u00f3mica con la generaci\u00f3n de empleos y apoyo para las micro, peque\u00f1as y medianas empresas.<\/p>\n\n\n\n<p>    Indicaron que Acci\u00f3n Nacional luchar\u00e1 tanto por sus temas, como por los establecidos en la agenda conjunta de la alianza legislativa \u201cVa Por M\u00e9xico\u201d, donde la prioridad ser\u00e1 defender al pa\u00eds de los caprichos presidenciales.<\/p>\n\n\n\n<p>     Berenice Ju\u00e1rez Navarrete result\u00f3 ganadora en las urnas del distrito federal n\u00famero seis, quien se desempe\u00f1\u00f3 como regidora de Ciudad Hidalgo; el ex alcalde de Sahuayo, Rodrigo S\u00e1nchez Zepeda, representar\u00e1 al cuarto distrito; el empresario y ex dirigente del PAN en Zamora, Enrique God\u00ednez del R\u00edo, encabezar\u00e1 el quinto distrito federal; Carlos Quintana Mart\u00ednez, ex candidato a la alcald\u00eda de Morelia y ex diputado local, fue electo por el distrito 10; mientras el Anabey Garc\u00eda Velasco y el ex diputado federal, Armando Tejeda Cid, fueron nombrados por representaci\u00f3n proporcional de la quinta circunscripci\u00f3n. Diputados<\/p>\n","protected":false},"excerpt":{"rendered":"<p>Este domingo tomaron protesta seis legisladores de Acci\u00f3n Nacional que impulsar\u00e1n la asignaci\u00f3n de recursos necesarios para las familias michoacanas.\u00a0 Se luchar\u00e1 por evitar que Michoac\u00e1n retroceda como los estados gobernados por Morena; los m\u00e1s inseguros y con la menor generaci\u00f3n de empleo en el pa\u00eds. \u00a0 Salud, econom\u00eda, seguridad, defensa de las instituciones, transparencia [&hellip;]<\/p>\n","protected":false},"author":2,"featured_media":70339,"comment_status":"closed","ping_status":"closed","sticky":false,"template":"","format":"standard","meta":{"footnotes":""},"categories":[1],"tags":[],"class_list":["post-70338","post","type-post","status-publish","format-standard","has-post-thumbnail","hentry","category-sin-categoria"],"_links":{"self":[{"href":"https:\/\/radiowebmx.com\/nota\/wp-json\/wp\/v2\/posts\/70338","targetHints":{"allow":["GET"]}}],"collection":[{"href":"https:\/\/radiowebmx.com\/nota\/wp-json\/wp\/v2\/posts"}],"about":[{"href":"https:\/\/radiowebmx.com\/nota\/wp-json\/wp\/v2\/types\/post"}],"author":[{"embeddable":true,"href":"https:\/\/radiowebmx.com\/nota\/wp-json\/wp\/v2\/users\/2"}],"replies":[{"embeddable":true,"href":"https:\/\/radiowebmx.com\/nota\/wp-json\/wp\/v2\/comments?post=70338"}],"version-history":[{"count":1,"href":"https:\/\/radiowebmx.com\/nota\/wp-json\/wp\/v2\/posts\/70338\/revisions"}],"predecessor-version":[{"id":70340,"href":"https:\/\/radiowebmx.com\/nota\/wp-json\/wp\/v2\/posts\/70338\/revisions\/70340"}],"wp:featuredmedia":[{"embeddable":true,"href":"https:\/\/radiowebmx.com\/nota\/wp-json\/wp\/v2\/media\/70339"}],"wp:attachment":[{"href":"https:\/\/radiowebmx.com\/nota\/wp-json\/wp\/v2\/media?parent=70338"}],"wp:term":[{"taxonomy":"category","embeddable":true,"href":"https:\/\/radiowebmx.com\/nota\/wp-json\/wp\/v2\/categories?post=70338"},{"taxonomy":"post_tag","embeddable":true,"href":"https:\/\/radiowebmx.com\/nota\/wp-json\/wp\/v2\/tags?post=70338"}],"curies":[{"name":"wp","href":"https:\/\/api.w.org\/{rel}","templated":true}]}}