{"id":70335,"date":"2021-08-31T20:52:35","date_gmt":"2021-09-01T01:52:35","guid":{"rendered":"https:\/\/radiowebmx.com\/nota\/?p=70335"},"modified":"2021-08-31T20:52:36","modified_gmt":"2021-09-01T01:52:36","slug":"inicia-bedolla-jornada-de-solidaridad-con-damnificados-por-huracan-en-michoacan","status":"publish","type":"post","link":"https:\/\/radiowebmx.com\/nota\/inicia-bedolla-jornada-de-solidaridad-con-damnificados-por-huracan-en-michoacan\/","title":{"rendered":"Inicia Bedolla jornada de solidaridad con damnificados por hurac\u00e1n en Michoac\u00e1n"},"content":{"rendered":"\n<p class=\"has-text-align-center\">\u2022 \u00a1<strong>No est\u00e1n solos!, dice Grisell Tello a quienes han sido afectados por la contingencia clim\u00e1tica<\/strong><\/p>\n\n\n\n<p>      Morelia, 30 de agosto del 2021.- El gobernador electo Alfredo Ram\u00edrez Bedolla y su esposa Grisel Tello Pimentel pusieron en marcha la jornada de solidaridad con damnificados por el hurac\u00e1n Nora y la contingencia clim\u00e1tica en Michoac\u00e1n, a la que se han sumado legisladores, empresarios y organizaciones sociales.<\/p>\n\n\n\n<p>     Alfredo Ram\u00edrez, en conjunto con el colectivo Juventud es Michoac\u00e1n, instalaron un m\u00f3dulo de acopio en el Centro Hist\u00f3rico de Morelia, d\u00f3nde recibir\u00e1n donaciones de v\u00edveres, alimentos enlatados y no perecederos, art\u00edculos de higiene personal y limpieza, as\u00ed como ropa y cobijas. Los art\u00edculos ser\u00e1n distribuidos en las zonas afectadas por el paso del hurac\u00e1n y el desbordamiento de r\u00edos.<\/p>\n\n\n\n<p>     Sergio Rodr\u00edguez, integrante del Comit\u00e9 Juventud es Michoac\u00e1n, inform\u00f3 que integrantes de este colectivo tambi\u00e9n instalar\u00e1n Centros de Acopio en Apatzing\u00e1n, Charo, Cotija, Jiquilpan, La Piedad, Lagunillas, L\u00e1zaro C\u00e1rdenas, Los Reyes, Sahuayo, Venustiano Carranza, Villa Mar, Zit\u00e1cuaro, Yur\u00e9cuaro, Zacapu, Quiroga y Numar\u00e1n.<\/p>\n\n\n\n<p>     La convocatoria que les hacemos hoy no s\u00f3lo es a participar o colaborar en la jornada de solidaridad con los damnificados, es tambi\u00e9n un llamado a que reestablezcamos los v\u00ednculos de solidaridad entre michoacanos y michoacanas, y que recuperemos las formas de organizaci\u00f3n ciudadana para participar activamente en la soluci\u00f3n de diversas problem\u00e1ticas en nuestras comunidades, expres\u00f3 Grisel Tello.<\/p>\n\n\n\n<p>     Raymundo L\u00f3pez, presidente del Consejo Coordinador Empresarial, inform\u00f3 que los empresarios est\u00e1n para apoyar a los damnificados en coordinaci\u00f3n con el gobernador electo y su equipo, con el prop\u00f3sito de ayudar en lo que m\u00e1s puedan a las zonas afectadas.<\/p>\n\n\n\n<p>      En su conferencia semanal, Ram\u00edrez Bedolla, destac\u00f3 que, pese a que a\u00fan no entra en funciones como gobernador, las familias afectadas no estar\u00e1n solas, ya que cuentan con \u00e9l, con su equipo, y con la solidaridad de las y los michoacanos para salir adelante.<\/p>\n","protected":false},"excerpt":{"rendered":"<p>\u2022 \u00a1No est\u00e1n solos!, dice Grisell Tello a quienes han sido afectados por la contingencia clim\u00e1tica Morelia, 30 de agosto del 2021.- El gobernador electo Alfredo Ram\u00edrez Bedolla y su esposa Grisel Tello Pimentel pusieron en marcha la jornada de solidaridad con damnificados por el hurac\u00e1n Nora y la contingencia clim\u00e1tica en Michoac\u00e1n, a la [&hellip;]<\/p>\n","protected":false},"author":2,"featured_media":70336,"comment_status":"closed","ping_status":"closed","sticky":false,"template":"","format":"standard","meta":{"footnotes":""},"categories":[1],"tags":[],"class_list":["post-70335","post","type-post","status-publish","format-standard","has-post-thumbnail","hentry","category-sin-categoria"],"_links":{"self":[{"href":"https:\/\/radiowebmx.com\/nota\/wp-json\/wp\/v2\/posts\/70335","targetHints":{"allow":["GET"]}}],"collection":[{"href":"https:\/\/radiowebmx.com\/nota\/wp-json\/wp\/v2\/posts"}],"about":[{"href":"https:\/\/radiowebmx.com\/nota\/wp-json\/wp\/v2\/types\/post"}],"author":[{"embeddable":true,"href":"https:\/\/radiowebmx.com\/nota\/wp-json\/wp\/v2\/users\/2"}],"replies":[{"embeddable":true,"href":"https:\/\/radiowebmx.com\/nota\/wp-json\/wp\/v2\/comments?post=70335"}],"version-history":[{"count":1,"href":"https:\/\/radiowebmx.com\/nota\/wp-json\/wp\/v2\/posts\/70335\/revisions"}],"predecessor-version":[{"id":70337,"href":"https:\/\/radiowebmx.com\/nota\/wp-json\/wp\/v2\/posts\/70335\/revisions\/70337"}],"wp:featuredmedia":[{"embeddable":true,"href":"https:\/\/radiowebmx.com\/nota\/wp-json\/wp\/v2\/media\/70336"}],"wp:attachment":[{"href":"https:\/\/radiowebmx.com\/nota\/wp-json\/wp\/v2\/media?parent=70335"}],"wp:term":[{"taxonomy":"category","embeddable":true,"href":"https:\/\/radiowebmx.com\/nota\/wp-json\/wp\/v2\/categories?post=70335"},{"taxonomy":"post_tag","embeddable":true,"href":"https:\/\/radiowebmx.com\/nota\/wp-json\/wp\/v2\/tags?post=70335"}],"curies":[{"name":"wp","href":"https:\/\/api.w.org\/{rel}","templated":true}]}}