{"id":70332,"date":"2021-08-31T19:16:14","date_gmt":"2021-09-01T00:16:14","guid":{"rendered":"https:\/\/radiowebmx.com\/nota\/?p=70332"},"modified":"2021-08-31T19:16:15","modified_gmt":"2021-09-01T00:16:15","slug":"resolucion-del-juicio-madre-ante-tepjf-continua-en-revision-en-busca-de-la-anulacion-de-la-contienda-por-la-gubernatura-de-michoacan","status":"publish","type":"post","link":"https:\/\/radiowebmx.com\/nota\/resolucion-del-juicio-madre-ante-tepjf-continua-en-revision-en-busca-de-la-anulacion-de-la-contienda-por-la-gubernatura-de-michoacan\/","title":{"rendered":"Resoluci\u00f3n del juicio madre ante  TEPJF contin\u00faa en revisi\u00f3n, en busca de la anulaci\u00f3n de la contienda por la gubernatura de Michoac\u00e1n"},"content":{"rendered":"\n<p>      Morelia, Michoac\u00e1n, a 30 de agosto de 2021.- El Tribunal Federal tiene en sus manos las pruebas para nulificar el dictamen del Tribunal Electoral del Estado de Michoac\u00e1n y hacer valer la voluntad de las y los michoacanos, adelant\u00f3 el \u00e1rea legal del Equipo por Michoac\u00e1n.<\/p>\n\n\n\n<p>     Lo anterior fue especificado luego de que la madrugada de este lunes, el pleno del Tribunal Electoral del Estado de Michoac\u00e1n (TEEM) declarara, en sesi\u00f3n virtual, la validez de la elecci\u00f3n de Gobernador del Estado.<\/p>\n\n\n\n<p>     Ante ello, los abogados del Equipo por Michoac\u00e1n recordaron a las y los michoacanos que tienen en el Tribunal Electoral del Poder Judicial de la Federaci\u00f3n (TEPJF) un recurso de revisi\u00f3n constitucional en contra de la sentencia emitida por el Tribunal Electoral del Estado de Michoac\u00e1n (TEEM) en el denominado \u201cjuicio madre\u201d, en el que se acreditan las causales que viciaron la libre expresi\u00f3n de la voluntad de las y los electores.<\/p>\n\n\n\n<p>    &#8220;La ratificaci\u00f3n del Tribunal Estatal, que sucedi\u00f3 la madrugada de este lunes, es algo que por ley deben hacer los Magistrados, es la \u00faltima etapa del proceso electoral en el Estado y existe la obligaci\u00f3n de emitir dicho dictamen, pero esto no significa que ya es el resolutivo definitivo, la \u00faltima palabra la tiene el Tribunal Federal&#8221;, explic\u00f3 el equipo de abogados.<\/p>\n\n\n\n<p>    Al comprobarse lo denunciado por la alianza conformada por el PRI-PAN-PRD, la Sala Superior del Tribunal Electoral Federal, deber\u00e1 emitir un fallo en el que se revoque la validez ya declarada por el Tribunal Electoral Estatal de Michoac\u00e1n y ordenar\u00e1 al Congreso del Estado de Michoac\u00e1n convoque a elecci\u00f3n extraordinaria para la gubernatura de Michoac\u00e1n.<\/p>\n","protected":false},"excerpt":{"rendered":"<p>Morelia, Michoac\u00e1n, a 30 de agosto de 2021.- El Tribunal Federal tiene en sus manos las pruebas para nulificar el dictamen del Tribunal Electoral del Estado de Michoac\u00e1n y hacer valer la voluntad de las y los michoacanos, adelant\u00f3 el \u00e1rea legal del Equipo por Michoac\u00e1n. Lo anterior fue especificado luego de que la madrugada [&hellip;]<\/p>\n","protected":false},"author":2,"featured_media":70333,"comment_status":"closed","ping_status":"closed","sticky":false,"template":"","format":"standard","meta":{"footnotes":""},"categories":[1],"tags":[],"class_list":["post-70332","post","type-post","status-publish","format-standard","has-post-thumbnail","hentry","category-sin-categoria"],"_links":{"self":[{"href":"https:\/\/radiowebmx.com\/nota\/wp-json\/wp\/v2\/posts\/70332","targetHints":{"allow":["GET"]}}],"collection":[{"href":"https:\/\/radiowebmx.com\/nota\/wp-json\/wp\/v2\/posts"}],"about":[{"href":"https:\/\/radiowebmx.com\/nota\/wp-json\/wp\/v2\/types\/post"}],"author":[{"embeddable":true,"href":"https:\/\/radiowebmx.com\/nota\/wp-json\/wp\/v2\/users\/2"}],"replies":[{"embeddable":true,"href":"https:\/\/radiowebmx.com\/nota\/wp-json\/wp\/v2\/comments?post=70332"}],"version-history":[{"count":1,"href":"https:\/\/radiowebmx.com\/nota\/wp-json\/wp\/v2\/posts\/70332\/revisions"}],"predecessor-version":[{"id":70334,"href":"https:\/\/radiowebmx.com\/nota\/wp-json\/wp\/v2\/posts\/70332\/revisions\/70334"}],"wp:featuredmedia":[{"embeddable":true,"href":"https:\/\/radiowebmx.com\/nota\/wp-json\/wp\/v2\/media\/70333"}],"wp:attachment":[{"href":"https:\/\/radiowebmx.com\/nota\/wp-json\/wp\/v2\/media?parent=70332"}],"wp:term":[{"taxonomy":"category","embeddable":true,"href":"https:\/\/radiowebmx.com\/nota\/wp-json\/wp\/v2\/categories?post=70332"},{"taxonomy":"post_tag","embeddable":true,"href":"https:\/\/radiowebmx.com\/nota\/wp-json\/wp\/v2\/tags?post=70332"}],"curies":[{"name":"wp","href":"https:\/\/api.w.org\/{rel}","templated":true}]}}