{"id":70326,"date":"2021-08-31T18:59:02","date_gmt":"2021-08-31T23:59:02","guid":{"rendered":"https:\/\/radiowebmx.com\/nota\/?p=70326"},"modified":"2021-08-31T18:59:03","modified_gmt":"2021-08-31T23:59:03","slug":"en-michoacan-regreso-a-clases-ordenado-y-responsable-dice-silvano","status":"publish","type":"post","link":"https:\/\/radiowebmx.com\/nota\/en-michoacan-regreso-a-clases-ordenado-y-responsable-dice-silvano\/","title":{"rendered":"En Michoac\u00e1n, regreso a clases ordenado y responsable, dice Silvano"},"content":{"rendered":"\n<p class=\"has-text-align-center\"><em><strong>Cerca de 300 mil estudiantes iniciaron este lunes el ciclo escolar 2021-2022 con un sistema h\u00edbrido de asistencia a clases<\/strong><\/em><\/p>\n\n\n\n<p>    <em><strong>Nivel b\u00e1sico continuar\u00e1 virtual hasta que disminuyan los contagios de la tercer ola, destaca<\/strong><\/em><\/p>\n\n\n\n<p>El Gobernador Silvano Aureoles Conejo asegur\u00f3 que el regreso a clases en Michoac\u00e1n se hizo de manera ordenada, responsable y escalonada.<\/p>\n\n\n\n<p>    \u201cEl regreso al ciclo escolar agosto 2021-julio 2022 fue una acci\u00f3n pensada y valorada, con todas las medidas necesarias para reducir los riesgos de contagios\u201d, enfatiz\u00f3 el mandatario michoacano.<\/p>\n\n\n\n<p>     En mensaje a trav\u00e9s de sus redes sociales, el Gobernador inform\u00f3 que este 30 de agosto se reanudaron clases en las preparatorias y universidades, p\u00fablicas y privadas, en un formato h\u00edbrido, para que un total de 300 mil estudiantes retornaran a sus labores estudiantiles, manteniendo las estrictas medidas sanitarias como el uso obligatorio del cubrebocas y la sana distancia.<\/p>\n\n\n\n<p>      Resalt\u00f3 que desde hace varios meses se evalu\u00f3 el regreso a clases presenciales, buscando disminuir al m\u00e1ximo el riesgo de contagio para los estudiantes, para las maestras y maestros, y para sus familias.<\/p>\n\n\n\n<p>      Sin embargo, precis\u00f3 que se contin\u00faa en la tercera ola de contagios y la variante DELTA, que es m\u00e1s contagiosa y peligrosa, especialmente en menores, por lo que se requiere no bajar la guardia y mantener todos los cuidados que establece la autoridad sanitaria.<\/p>\n\n\n\n<p>     Por ello, \u201clas y los estudiantes de educaci\u00f3n b\u00e1sica se integrar\u00e1n a las aulas una vez que la curva de contagios haya descendido lo suficiente\u201d dijo.<\/p>\n\n\n\n<p>     Finalmente, el Gobernador reiter\u00f3 su llamado a las y los presidentes municipales entrantes para tomar decisiones responsables, principalmente en el mes de septiembre:<\/p>\n\n\n\n<p>      \u201cEs necesario que las y los presidentes que inician su administraci\u00f3n el primero de septiembre, colaboren responsablemente para evitar que haya repunte de contagios. Vamos a estar pendientes sobre el desarrollo de este regreso, queremos que sea ordenado, priorizando siempre la salud y vida de las personas\u201d, concluy\u00f3.<\/p>\n","protected":false},"excerpt":{"rendered":"<p>Cerca de 300 mil estudiantes iniciaron este lunes el ciclo escolar 2021-2022 con un sistema h\u00edbrido de asistencia a clases Nivel b\u00e1sico continuar\u00e1 virtual hasta que disminuyan los contagios de la tercer ola, destaca El Gobernador Silvano Aureoles Conejo asegur\u00f3 que el regreso a clases en Michoac\u00e1n se hizo de manera ordenada, responsable y escalonada. [&hellip;]<\/p>\n","protected":false},"author":2,"featured_media":70327,"comment_status":"closed","ping_status":"closed","sticky":false,"template":"","format":"standard","meta":{"footnotes":""},"categories":[1],"tags":[],"class_list":["post-70326","post","type-post","status-publish","format-standard","has-post-thumbnail","hentry","category-sin-categoria"],"_links":{"self":[{"href":"https:\/\/radiowebmx.com\/nota\/wp-json\/wp\/v2\/posts\/70326","targetHints":{"allow":["GET"]}}],"collection":[{"href":"https:\/\/radiowebmx.com\/nota\/wp-json\/wp\/v2\/posts"}],"about":[{"href":"https:\/\/radiowebmx.com\/nota\/wp-json\/wp\/v2\/types\/post"}],"author":[{"embeddable":true,"href":"https:\/\/radiowebmx.com\/nota\/wp-json\/wp\/v2\/users\/2"}],"replies":[{"embeddable":true,"href":"https:\/\/radiowebmx.com\/nota\/wp-json\/wp\/v2\/comments?post=70326"}],"version-history":[{"count":1,"href":"https:\/\/radiowebmx.com\/nota\/wp-json\/wp\/v2\/posts\/70326\/revisions"}],"predecessor-version":[{"id":70328,"href":"https:\/\/radiowebmx.com\/nota\/wp-json\/wp\/v2\/posts\/70326\/revisions\/70328"}],"wp:featuredmedia":[{"embeddable":true,"href":"https:\/\/radiowebmx.com\/nota\/wp-json\/wp\/v2\/media\/70327"}],"wp:attachment":[{"href":"https:\/\/radiowebmx.com\/nota\/wp-json\/wp\/v2\/media?parent=70326"}],"wp:term":[{"taxonomy":"category","embeddable":true,"href":"https:\/\/radiowebmx.com\/nota\/wp-json\/wp\/v2\/categories?post=70326"},{"taxonomy":"post_tag","embeddable":true,"href":"https:\/\/radiowebmx.com\/nota\/wp-json\/wp\/v2\/tags?post=70326"}],"curies":[{"name":"wp","href":"https:\/\/api.w.org\/{rel}","templated":true}]}}