{"id":70323,"date":"2021-08-31T18:53:18","date_gmt":"2021-08-31T23:53:18","guid":{"rendered":"https:\/\/radiowebmx.com\/nota\/?p=70323"},"modified":"2021-08-31T18:53:19","modified_gmt":"2021-08-31T23:53:19","slug":"logos-10","status":"publish","type":"post","link":"https:\/\/radiowebmx.com\/nota\/logos-10\/","title":{"rendered":"LOGOS"},"content":{"rendered":"\n<p><strong>Garc\u00eda M\u00e1rquez y Vargas Llosa<\/strong><\/p>\n\n\n\n<p>\u00a0\u00a0\u00a0\u00a0\u00a0\u00a0\u00a0\u00a0\u00a0\u00a0\u00a0\u00a0\u00a0\u00a0 \u00a0\u00a0\u00a0\u00a0<strong>\u00a0 \u00a0VISIONARIOS DEL ACTUAL M\u00c9XICO<\/strong><\/p>\n\n\n\n<p class=\"has-text-align-center\">\u00a0\u00a0\u00a0\u00a0\u00a0\u00a0\u00a0\u00a0\u00a0\u00a0\u00a0\u00a0\u00a0\u00a0\u00a0\u00a0\u00a0\u00a0\u00a0\u00a0\u00a0\u00a0\u00a0\u00a0\u00a0\u00a0\u00a0\u00a0\u00a0\u00a0\u00a0\u00a0\u00a0\u00a0\u00a0\u00a0\u00a0\u00a0\u00a0\u00a0\u00a0\u00a0\u00a0 \u00a0\u00a0<strong>\u00a0\u00a0\u00a0\u00a0\u00a0\u00a0\u00a0\u00a0\u00a0\u00a0\u00a0\u00a0\u00a0 Marco Antonio Aguilar Cort\u00e9s<\/strong><\/p>\n\n\n\n<p>&nbsp;&nbsp;&nbsp;&nbsp;&nbsp;&nbsp;&nbsp;&nbsp;&nbsp;&nbsp;&nbsp; \u201cVemos a un individuo en plena ascensi\u00f3n\u2026 abri\u00e9ndose paso, con tanta eficacia como falta de escr\u00fapulo: es el alcalde\u2026 ha prometido paz y prosperidad\u2026 sin corrupci\u00f3n y sin mentiras. Al principio, el pueblo le crey\u00f3\u201d.<\/p>\n\n\n\n<p>&nbsp;&nbsp;&nbsp;&nbsp;&nbsp;&nbsp;&nbsp;&nbsp;&nbsp;&nbsp;&nbsp; Este texto, y muchos otros que citar\u00e9, se desprenden de la tesis con la que, en 1971, Mario Vargas Llosa obtuvo el doctorado en la Universidad Complutense de Madrid.<\/p>\n\n\n\n<p>&nbsp;&nbsp;&nbsp;&nbsp;&nbsp;&nbsp;&nbsp;&nbsp;&nbsp;&nbsp;&nbsp; Y al analizar a fondo la obra literaria de Gabriel Garc\u00eda M\u00e1rquez, en ese trabajo acad\u00e9mico, Vargas Llosa explic\u00f3 el mensaje de \u2018La mala hora\u2019, libro que, correspondiendo a Macondo, parece referirse al M\u00e9xico 2021, considerando que en la Colombia de ese entonces se trata del \u201calcalde\u201d, y para nuestro pa\u00eds lo hago referente al actual presidente de la rep\u00fablica.<\/p>\n\n\n\n<p>&nbsp;&nbsp;&nbsp;&nbsp;&nbsp;&nbsp;&nbsp;&nbsp;&nbsp;&nbsp;&nbsp; Escribe Vargas Llosa sobre Macondo: \u201cSe trata de un fen\u00f3meno nuevo e interesante. Hasta ahora, la autoridad era utilizada por los ricos para obtener cosas o hacer negocios; llegado ese alcalde, la autoridad pasa a servirse de ellos, a disputarles el poder econ\u00f3mico\u201d.<\/p>\n\n\n\n<p>&nbsp;&nbsp;&nbsp;&nbsp;&nbsp;&nbsp;&nbsp;&nbsp;&nbsp;&nbsp;&nbsp; En ese libro de Garc\u00eda M\u00e1rquez el alcalde asegura: \u201cA mi llegada las cosas han cambiado. Conmigo se inici\u00f3 una nueva \u00e9poca hist\u00f3rica. Mis antecesores fueron corruptos, yo no soy como ellos, no digo mentiras. No somos los mismos. La clase media es mendaz y opositora al bienestar del pueblo. Estoy haciendo un pueblo decente. El pueblo es ahora feliz, muy feliz\u201d.<\/p>\n\n\n\n<p>&nbsp;&nbsp;&nbsp;&nbsp;&nbsp;&nbsp;&nbsp;&nbsp;&nbsp;&nbsp;&nbsp; Vargas Llosa observa que cuando se produce una inundaci\u00f3n, el alcalde decide: \u201cm\u00e1s vale que sea en un barrio pobre\u2026 para vencer la resistencia de los opositores, el alcalde los manda encarcelar\u2026 con los bienes del pueblo el alcalde financia su propaganda\u2026 se vale de su poder para enriquecerse y enriquecer a los suyos\u201d.<\/p>\n\n\n\n<p>&nbsp;&nbsp;&nbsp;&nbsp;&nbsp;&nbsp;&nbsp;&nbsp;&nbsp;&nbsp;&nbsp; \u201cCon mi simple llegada\u201d, expone el alcalde, \u201chabr\u00e1 paz, y se acabar\u00e1 la mentira\u201d; pero agrega Vargas Llosa, \u201cpronto el alcalde se da cuenta que no hay mayor negocio que el de la mentira, y que la paz que provoca es una paz exacerbada, incitadora de la org\u00eda de la violencia. En el aire se respira la violencia\u2026 los criminales andan sueltos y organizados\u2026 el pueblo ya se dio cuenta de que los del gobierno siguen siendo los mismos\u2026\u201d<\/p>\n\n\n\n<p>&nbsp;&nbsp;&nbsp;&nbsp;&nbsp;&nbsp;&nbsp;&nbsp;&nbsp;&nbsp;&nbsp; Persiste Vargas Llosa: \u201cEl alcalde asegur\u00f3 que su preocupaci\u00f3n m\u00e1xima era el bienestar del pueblo, pero le alcanz\u00f3 solamente para el bienestar de su propia familia y la de sus amigos\u201d.<\/p>\n\n\n\n<p>&nbsp;&nbsp;&nbsp;&nbsp;&nbsp;&nbsp;&nbsp;&nbsp;&nbsp;&nbsp;&nbsp; \u201cL<a><\/a><a href=\"#_msocom_1\">[maac1]<\/a>&nbsp;a oposici\u00f3n est\u00e1 castigada y desorganizada, y el pueblo cada d\u00eda se hunde m\u00e1s\u201d, deduce Vargas Llosa.<\/p>\n\n\n\n<p>&nbsp;&nbsp;&nbsp;&nbsp;&nbsp;&nbsp;&nbsp;&nbsp;&nbsp;&nbsp;&nbsp; Mientras Garc\u00eda M\u00e1rquez discurre: \u201cEl alcalde ejerce el poder como en un sue\u00f1o\u2026\u201d<\/p>\n\n\n\n<p>&nbsp;&nbsp;&nbsp;&nbsp;&nbsp;&nbsp;&nbsp;&nbsp;&nbsp;&nbsp;&nbsp; El colombiano Gabriel Garc\u00eda M\u00e1rquez (1927-2014) obtuvo el Premio Nobel de Literatura en el a\u00f1o 1982, y public\u00f3 \u2018La mala hora\u2019 en 1962.<\/p>\n\n\n\n<p>&nbsp;&nbsp;&nbsp;&nbsp;&nbsp;&nbsp;&nbsp;&nbsp;&nbsp;&nbsp;&nbsp; Mario Vargas Llosa (1936-vive), escritor peruano por nacimiento,&nbsp; Premio Nobel 2010, publicit\u00f3 su tesis del doctorado en 1971.<\/p>\n\n\n\n<p>&nbsp;&nbsp;&nbsp;&nbsp;&nbsp;&nbsp;&nbsp;&nbsp;&nbsp;&nbsp;&nbsp; Dos premios Nobel de esfuerzo y de talento visionario; el primero, creador de los personajes que se desenvuelven en sus novelas; y el segundo, agudo analizador, de esas obras, en su tesis doctoral de hace 50 a\u00f1os, parecen estar describiendo al M\u00e9xico de nuestros d\u00edas.<\/p>\n\n\n\n<p>&nbsp;&nbsp;&nbsp;&nbsp;&nbsp;&nbsp;&nbsp;&nbsp;&nbsp;&nbsp;&nbsp; Toda proporci\u00f3n guardada, veo con sorpresa las similitudes del presidente Andr\u00e9s Manuel L\u00f3pez Obrador con aquel alcalde de Macondo.<\/p>\n\n\n\n<hr class=\"wp-block-separator\"\/>\n\n\n\n<p><a><\/a><\/p>\n\n\n\n<p>&nbsp;<a href=\"#_msoanchor_1\">[maac1]<\/a><\/p>\n","protected":false},"excerpt":{"rendered":"<p>Garc\u00eda M\u00e1rquez y Vargas Llosa \u00a0\u00a0\u00a0\u00a0\u00a0\u00a0\u00a0\u00a0\u00a0\u00a0\u00a0\u00a0\u00a0\u00a0 \u00a0\u00a0\u00a0\u00a0\u00a0 \u00a0VISIONARIOS DEL ACTUAL M\u00c9XICO \u00a0\u00a0\u00a0\u00a0\u00a0\u00a0\u00a0\u00a0\u00a0\u00a0\u00a0\u00a0\u00a0\u00a0\u00a0\u00a0\u00a0\u00a0\u00a0\u00a0\u00a0\u00a0\u00a0\u00a0\u00a0\u00a0\u00a0\u00a0\u00a0\u00a0\u00a0\u00a0\u00a0\u00a0\u00a0\u00a0\u00a0\u00a0\u00a0\u00a0\u00a0\u00a0\u00a0 \u00a0\u00a0\u00a0\u00a0\u00a0\u00a0\u00a0\u00a0\u00a0\u00a0\u00a0\u00a0\u00a0\u00a0\u00a0 Marco Antonio Aguilar Cort\u00e9s &nbsp;&nbsp;&nbsp;&nbsp;&nbsp;&nbsp;&nbsp;&nbsp;&nbsp;&nbsp;&nbsp; \u201cVemos a un individuo en plena ascensi\u00f3n\u2026 abri\u00e9ndose paso, con tanta eficacia como falta de escr\u00fapulo: es el alcalde\u2026 ha prometido paz y prosperidad\u2026 sin corrupci\u00f3n y sin mentiras. Al principio, el pueblo le crey\u00f3\u201d. &nbsp;&nbsp;&nbsp;&nbsp;&nbsp;&nbsp;&nbsp;&nbsp;&nbsp;&nbsp;&nbsp; Este [&hellip;]<\/p>\n","protected":false},"author":2,"featured_media":69319,"comment_status":"closed","ping_status":"closed","sticky":false,"template":"","format":"standard","meta":{"footnotes":""},"categories":[1],"tags":[],"class_list":["post-70323","post","type-post","status-publish","format-standard","has-post-thumbnail","hentry","category-sin-categoria"],"_links":{"self":[{"href":"https:\/\/radiowebmx.com\/nota\/wp-json\/wp\/v2\/posts\/70323","targetHints":{"allow":["GET"]}}],"collection":[{"href":"https:\/\/radiowebmx.com\/nota\/wp-json\/wp\/v2\/posts"}],"about":[{"href":"https:\/\/radiowebmx.com\/nota\/wp-json\/wp\/v2\/types\/post"}],"author":[{"embeddable":true,"href":"https:\/\/radiowebmx.com\/nota\/wp-json\/wp\/v2\/users\/2"}],"replies":[{"embeddable":true,"href":"https:\/\/radiowebmx.com\/nota\/wp-json\/wp\/v2\/comments?post=70323"}],"version-history":[{"count":1,"href":"https:\/\/radiowebmx.com\/nota\/wp-json\/wp\/v2\/posts\/70323\/revisions"}],"predecessor-version":[{"id":70324,"href":"https:\/\/radiowebmx.com\/nota\/wp-json\/wp\/v2\/posts\/70323\/revisions\/70324"}],"wp:featuredmedia":[{"embeddable":true,"href":"https:\/\/radiowebmx.com\/nota\/wp-json\/wp\/v2\/media\/69319"}],"wp:attachment":[{"href":"https:\/\/radiowebmx.com\/nota\/wp-json\/wp\/v2\/media?parent=70323"}],"wp:term":[{"taxonomy":"category","embeddable":true,"href":"https:\/\/radiowebmx.com\/nota\/wp-json\/wp\/v2\/categories?post=70323"},{"taxonomy":"post_tag","embeddable":true,"href":"https:\/\/radiowebmx.com\/nota\/wp-json\/wp\/v2\/tags?post=70323"}],"curies":[{"name":"wp","href":"https:\/\/api.w.org\/{rel}","templated":true}]}}