{"id":70320,"date":"2021-08-31T18:41:49","date_gmt":"2021-08-31T23:41:49","guid":{"rendered":"https:\/\/radiowebmx.com\/nota\/?p=70320"},"modified":"2021-08-31T18:41:51","modified_gmt":"2021-08-31T23:41:51","slug":"solicitara-michoacan-declaracion-de-emergencia-en-5-municipios-tras-danos-de-nora","status":"publish","type":"post","link":"https:\/\/radiowebmx.com\/nota\/solicitara-michoacan-declaracion-de-emergencia-en-5-municipios-tras-danos-de-nora\/","title":{"rendered":"Solicitar\u00e1 Michoac\u00e1n declaraci\u00f3n de emergencia en 5 municipios, tras da\u00f1os de \u201cNora\u201d"},"content":{"rendered":"\n<p class=\"has-text-align-center\"><strong>El hurac\u00e1n ocasion\u00f3 da\u00f1os en Arteaga, L\u00e1zaro C\u00e1rdenas, Tumbiscat\u00edo, Aquila y Coahuayana<\/strong><\/p>\n\n\n\n<p>    Por los da\u00f1os que dej\u00f3 a su paso el hurac\u00e1n \u201cNora\u201d en cinco municipios michoacanos, el Comit\u00e9 Estatal de Protecci\u00f3n Civil solicitar\u00e1 la declaraci\u00f3n de emergencia en apoyo a la poblaci\u00f3n afectada.<\/p>\n\n\n\n<p>       \u201cLos da\u00f1os en viviendas, puentes y v\u00edas terrestres no se resuelven r\u00e1pido y la solicitud de emergencia debe ayudarnos ahora que ya no existe el FONDEN, a auxiliar a las familias y a restablecer las v\u00edas en municipios como Arteaga, que fue severamente afectado por las lluvias\u201d, enfatiz\u00f3 el Gobernador Silvano Aureoles Conejo.<\/p>\n\n\n\n<p>     Al encabezar la reuni\u00f3n extraordinaria del Comit\u00e9 Estatal de Protecci\u00f3n Civil y escuchar los informes de las distintas dependencias, el mandatario enfatiz\u00f3 que la coordinaci\u00f3n y la disposici\u00f3n de las autoridades de los tres \u00f3rdenes de gobiernos son necesarias para actuar y atender a la poblaci\u00f3n de zonas donde hubo inundaciones o deslaves.<\/p>\n\n\n\n<p>      La coordinadora de Protecci\u00f3n Civil del Estado, Georgina Mart\u00ednez Latisnere, record\u00f3 que a\u00fan quedan pendientes cinco ciclones o tormentas tropicales y que el hurac\u00e1n \u201cNora\u201d, Categor\u00eda 1, ocasion\u00f3 da\u00f1os en Arteaga, L\u00e1zaro C\u00e1rdenas, Tumbiscat\u00edo, Aquila y Coahuayana.<\/p>\n\n\n\n<p>      Agreg\u00f3 que septiembre es el mes donde m\u00e1s precitaciones se registran \u201cy tenemos ahora un exceso de lluvia con mantos fre\u00e1ticos ya sobresaturados; hay r\u00edos en su m\u00e1xima capacidad y si hacemos desfogue de presas se podr\u00edan inundar zonas como Zamora, Jacona, el Valle de Maravat\u00edo, por Los Olivos, Tepalcatepec y por la presa de Infiernillo, L\u00e1zaro C\u00e1rdenas\u201d, dijo.<\/p>\n\n\n\n<p>      La titular de Sectur, Claudia Ch\u00e1vez L\u00f3pez, se\u00f1al\u00f3 que en la costa hay m\u00e1s de 100 enramadas afectadas, que representan un riesgo para la poblaci\u00f3n por los materiales que el agua arrastr\u00f3 y que siguen al borde de la playa.<\/p>\n\n\n\n<p>     Adem\u00e1s de que la temporada de huracanes tambi\u00e9n ocasion\u00f3 destrozos en 440 planteles educativos, de los cuales 417 son instituciones de educaciones b\u00e1sica, 15 de educaci\u00f3n media y 8 de educaci\u00f3n superior.<\/p>\n\n\n\n<p>      A esto se suman los da\u00f1os en 11 sitios con alg\u00fan tipo de interrupci\u00f3n al tr\u00e1fico, la falla de dos puentes y las evacuaciones de familias que se hicieron por inundaciones, por lo que el Comit\u00e9 Estatal de Protecci\u00f3n Civil permanecer\u00e1 en sesi\u00f3n permanente.<\/p>\n","protected":false},"excerpt":{"rendered":"<p>El hurac\u00e1n ocasion\u00f3 da\u00f1os en Arteaga, L\u00e1zaro C\u00e1rdenas, Tumbiscat\u00edo, Aquila y Coahuayana Por los da\u00f1os que dej\u00f3 a su paso el hurac\u00e1n \u201cNora\u201d en cinco municipios michoacanos, el Comit\u00e9 Estatal de Protecci\u00f3n Civil solicitar\u00e1 la declaraci\u00f3n de emergencia en apoyo a la poblaci\u00f3n afectada. \u201cLos da\u00f1os en viviendas, puentes y v\u00edas terrestres no se resuelven [&hellip;]<\/p>\n","protected":false},"author":2,"featured_media":70321,"comment_status":"closed","ping_status":"closed","sticky":false,"template":"","format":"standard","meta":{"footnotes":""},"categories":[1],"tags":[],"class_list":["post-70320","post","type-post","status-publish","format-standard","has-post-thumbnail","hentry","category-sin-categoria"],"_links":{"self":[{"href":"https:\/\/radiowebmx.com\/nota\/wp-json\/wp\/v2\/posts\/70320","targetHints":{"allow":["GET"]}}],"collection":[{"href":"https:\/\/radiowebmx.com\/nota\/wp-json\/wp\/v2\/posts"}],"about":[{"href":"https:\/\/radiowebmx.com\/nota\/wp-json\/wp\/v2\/types\/post"}],"author":[{"embeddable":true,"href":"https:\/\/radiowebmx.com\/nota\/wp-json\/wp\/v2\/users\/2"}],"replies":[{"embeddable":true,"href":"https:\/\/radiowebmx.com\/nota\/wp-json\/wp\/v2\/comments?post=70320"}],"version-history":[{"count":1,"href":"https:\/\/radiowebmx.com\/nota\/wp-json\/wp\/v2\/posts\/70320\/revisions"}],"predecessor-version":[{"id":70322,"href":"https:\/\/radiowebmx.com\/nota\/wp-json\/wp\/v2\/posts\/70320\/revisions\/70322"}],"wp:featuredmedia":[{"embeddable":true,"href":"https:\/\/radiowebmx.com\/nota\/wp-json\/wp\/v2\/media\/70321"}],"wp:attachment":[{"href":"https:\/\/radiowebmx.com\/nota\/wp-json\/wp\/v2\/media?parent=70320"}],"wp:term":[{"taxonomy":"category","embeddable":true,"href":"https:\/\/radiowebmx.com\/nota\/wp-json\/wp\/v2\/categories?post=70320"},{"taxonomy":"post_tag","embeddable":true,"href":"https:\/\/radiowebmx.com\/nota\/wp-json\/wp\/v2\/tags?post=70320"}],"curies":[{"name":"wp","href":"https:\/\/api.w.org\/{rel}","templated":true}]}}