{"id":70314,"date":"2021-08-27T20:16:19","date_gmt":"2021-08-28T01:16:19","guid":{"rendered":"https:\/\/radiowebmx.com\/nota\/?p=70314"},"modified":"2021-08-27T20:16:20","modified_gmt":"2021-08-28T01:16:20","slug":"gestiona-alfonso-martinez-financiamiento-banobras-para-obras-sociales","status":"publish","type":"post","link":"https:\/\/radiowebmx.com\/nota\/gestiona-alfonso-martinez-financiamiento-banobras-para-obras-sociales\/","title":{"rendered":"Gestiona Alfonso Mart\u00ednez, financiamiento Banobras para obras sociales"},"content":{"rendered":"\n<p class=\"has-text-align-center\"><strong>\u2022 Los cr\u00e9ditos ser\u00edan cubiertos en el mismo mandato<\/strong><\/p>\n\n\n\n<p>      Morelia, Michoac\u00e1n., 27 de agosto de 2021.- Con el prop\u00f3sito de contar con los recursos suficientes para la construcci\u00f3n de obras que den atenci\u00f3n puntual a las necesidades de los sectores m\u00e1s necesitados, el alcalde electo de Morelia, Alfonso Mart\u00ednez Alc\u00e1zar, sostuvo un encuentro con el delegado de Banobras en Michoac\u00e1n, Jos\u00e9 Eduardo D\u00edaz Vald\u00e9s.<\/p>\n\n\n\n<p>     En este marco, Alfonso Mart\u00ednez puso sobre la mesa la gesti\u00f3n de un financiamiento a trav\u00e9s del Fondo de Aportaciones para la Infraestructura Social Municipal y de las Demarcaciones Territoriales de la Ciudad de M\u00e9xico (FAIS), el cual, de manera irrestricta, ser\u00eda cubierto durante el mismo mandato.<\/p>\n\n\n\n<p>     El alcalde electo de Morelia destac\u00f3 que el uso eficiente de recursos p\u00fablicos volver\u00e1 a ser unos sellos que distingan al gobierno municipal, de ah\u00ed la importancia de que los cr\u00e9ditos que obtenga la administraci\u00f3n no afecten las finanzas ni generen compromiso para futuros periodos.<\/p>\n\n\n\n<p>      Agreg\u00f3 que a trav\u00e9s de Banobras se pretenden fortalecer diversos proyectos de obra que se tienen considerados en el Plan de Gobierno, entre otros que soliciten las y los morelianos en materia de agua potable, alcantarillado, drenaje, letrinas, urbanizaci\u00f3n, electrificaci\u00f3n rural, infraestructura b\u00e1sica del sector salud y productivo, mejoramiento de vivienda, as\u00ed\u0301 como mantenimiento de infraestructura.<\/p>\n\n\n\n<p>      Alfonso Mart\u00ednez, se\u00f1al\u00f3 que el objetivo principal es reducir el rezago en los pol\u00edgonos de pobreza, para as\u00ed construir una ciudad para todas y todos.<\/p>\n","protected":false},"excerpt":{"rendered":"<p>\u2022 Los cr\u00e9ditos ser\u00edan cubiertos en el mismo mandato Morelia, Michoac\u00e1n., 27 de agosto de 2021.- Con el prop\u00f3sito de contar con los recursos suficientes para la construcci\u00f3n de obras que den atenci\u00f3n puntual a las necesidades de los sectores m\u00e1s necesitados, el alcalde electo de Morelia, Alfonso Mart\u00ednez Alc\u00e1zar, sostuvo un encuentro con el [&hellip;]<\/p>\n","protected":false},"author":2,"featured_media":70315,"comment_status":"closed","ping_status":"closed","sticky":false,"template":"","format":"standard","meta":{"footnotes":""},"categories":[1],"tags":[],"class_list":["post-70314","post","type-post","status-publish","format-standard","has-post-thumbnail","hentry","category-sin-categoria"],"_links":{"self":[{"href":"https:\/\/radiowebmx.com\/nota\/wp-json\/wp\/v2\/posts\/70314","targetHints":{"allow":["GET"]}}],"collection":[{"href":"https:\/\/radiowebmx.com\/nota\/wp-json\/wp\/v2\/posts"}],"about":[{"href":"https:\/\/radiowebmx.com\/nota\/wp-json\/wp\/v2\/types\/post"}],"author":[{"embeddable":true,"href":"https:\/\/radiowebmx.com\/nota\/wp-json\/wp\/v2\/users\/2"}],"replies":[{"embeddable":true,"href":"https:\/\/radiowebmx.com\/nota\/wp-json\/wp\/v2\/comments?post=70314"}],"version-history":[{"count":1,"href":"https:\/\/radiowebmx.com\/nota\/wp-json\/wp\/v2\/posts\/70314\/revisions"}],"predecessor-version":[{"id":70316,"href":"https:\/\/radiowebmx.com\/nota\/wp-json\/wp\/v2\/posts\/70314\/revisions\/70316"}],"wp:featuredmedia":[{"embeddable":true,"href":"https:\/\/radiowebmx.com\/nota\/wp-json\/wp\/v2\/media\/70315"}],"wp:attachment":[{"href":"https:\/\/radiowebmx.com\/nota\/wp-json\/wp\/v2\/media?parent=70314"}],"wp:term":[{"taxonomy":"category","embeddable":true,"href":"https:\/\/radiowebmx.com\/nota\/wp-json\/wp\/v2\/categories?post=70314"},{"taxonomy":"post_tag","embeddable":true,"href":"https:\/\/radiowebmx.com\/nota\/wp-json\/wp\/v2\/tags?post=70314"}],"curies":[{"name":"wp","href":"https:\/\/api.w.org\/{rel}","templated":true}]}}